{"id":12341,"date":"2013-10-01T08:28:27","date_gmt":"2013-10-01T06:28:27","guid":{"rendered":"https:\/\/parablau.com\/galerie\/?p=12341"},"modified":"2024-08-15T08:36:00","modified_gmt":"2024-08-15T06:36:00","slug":"bilder-vom-balkan","status":"publish","type":"post","link":"https:\/\/parablau.com\/galerie\/2013\/10\/01\/bilder-vom-balkan\/","title":{"rendered":"BILDER VOM BALKAN"},"content":{"rendered":"\t\t<div data-elementor-type=\"wp-post\" data-elementor-id=\"12341\" class=\"elementor elementor-12341\">\n\t\t\t\t<div class=\"elementor-element elementor-element-279513c5 e-flex e-con-boxed e-con e-parent\" data-id=\"279513c5\" data-element_type=\"container\" data-e-type=\"container\">\n\t\t\t\t\t<div class=\"e-con-inner\">\n\t\t\t\t<div class=\"elementor-element elementor-element-5ac2c906 elementor-widget elementor-widget-text-editor\" data-id=\"5ac2c906\" data-element_type=\"widget\" data-e-type=\"widget\" data-widget_type=\"text-editor.default\">\n\t\t\t\t<div class=\"elementor-widget-container\">\n\t\t\t\t\t\t\t\t\t<p><strong>OKTOBER 2013<\/strong><\/p><p>Schwarz-Wei\u00df Fotografien aus Rum\u00e4nien von Michal Matou\u0161ek und Farbfotografien aus Sarajevo von Peter R. Fischer\u00a0in der Galerie Ver\u00e4nderbar, G\u00f6rlitzerstra\u00dfe 42 HH [parablau-Exil]<\/p><p>&#8222;Als ich 1998 zum ersten mal nach Rum\u00e4nien reiste, war ich von der dortigen Eisenbahn begeistert: \u00fcberbev\u00f6lkerte t\u00fcrkisblaue Z\u00fcge mit braunen Kunstlederbez\u00fcgen, Neugier der Einheimischen, unz\u00e4hlige Gespr\u00e4che, allgegenw\u00e4rtiges Geruchsgemisch aus Desinfektionsmittel, K\u00e4se und Schwei\u00df, d\u00fcsteres Licht, unertr\u00e4gliche Hitze, klirrende K\u00e4lte und \u00fcberall das Menschliche, was in der \u201ewestlichen Welt\u201c, sprich Mitteleuropa, damals l\u00e4ngst fehlte. F\u00fcr die meisten Rum\u00e4nen selbst war die Eisenbahn damals eine Schande, f\u00fcr mich ein fast biblisches Abbild der Welt. Und ich dachte, es bleibt ewig so\u2026&#8220;<\/p><p>&#8222;[&#8230;] Noch immer ,Spuren vom letzten Krieg. Die inneren Spuren sind weniger sichtbar. Aber es geht nicht um pers\u00f6nliche Geschichten und akribische Spurensuche. Alltag ist zur\u00fcckgekehrt, auch Touristen sind wieder da, vielleicht weniger Journalisten als vor 20 Jahren im Holiday Inn oder vor 30 Jahren zu den Olympischen Winterspielen\u2026<br \/>Jedes Foto ein Puzzlest\u00fcck im Leben einer Stadt. Es fehlen viele Teile, aber etwas ist vom Ganzen zu sehen. Mein Blick, der eines Fremden, ein Streifzug mit Bildern im Hinterkopf, ein Einblick, keine Dokumentation\u2026&#8220;<\/p><p>Eintritt frei.<\/p><p><style>\/*! elementor - v3.23.0 - 05-08-2024 *\/<br \/>.elementor-column .elementor-spacer-inner{height:var(--spacer-size)}.e-con{--container-widget-width:100%}.e-con-inner>.elementor-widget-spacer,.e-con>.elementor-widget-spacer{width:var(--container-widget-width,var(--spacer-size));--align-self:var(--container-widget-align-self,initial);--flex-shrink:0}.e-con-inner>.elementor-widget-spacer>.elementor-widget-container,.e-con>.elementor-widget-spacer>.elementor-widget-container{height:100%;width:100%}.e-con-inner>.elementor-widget-spacer>.elementor-widget-container>.elementor-spacer,.e-con>.elementor-widget-spacer>.elementor-widget-container>.elementor-spacer{height:100%}.e-con-inner>.elementor-widget-spacer>.elementor-widget-container>.elementor-spacer>.elementor-spacer-inner,.e-con>.elementor-widget-spacer>.elementor-widget-container>.elementor-spacer>.elementor-spacer-inner{height:var(--container-widget-height,var(--spacer-size))}.e-con-inner>.elementor-widget-spacer.elementor-widget-empty,.e-con>.elementor-widget-spacer.elementor-widget-empty{position:relative;min-height:22px;min-width:22px}.e-con-inner>.elementor-widget-spacer.elementor-widget-empty .elementor-widget-empty-icon,.e-con>.elementor-widget-spacer.elementor-widget-empty .elementor-widget-empty-icon{position:absolute;top:0;bottom:0;left:0;right:0;margin:auto;padding:0;width:22px;height:22px}<\/style> <style>\/*! elementor - v3.23.0 - 05-08-2024 *\/<br \/>.elementor-widget-image{text-align:center}.elementor-widget-image a{display:inline-block}.elementor-widget-image a img[src$=\".svg\"]{width:48px}.elementor-widget-image img{vertical-align:middle;display:inline-block}<\/style><\/p>\t\t\t\t\t\t\t\t<\/div>\n\t\t\t\t<\/div>\n\t\t\t\t\t<\/div>\n\t\t\t\t<\/div>\n\t\t<div class=\"elementor-element elementor-element-ade1ee6 e-flex e-con-boxed e-con e-parent\" data-id=\"ade1ee6\" data-element_type=\"container\" data-e-type=\"container\">\n\t\t\t\t\t<div class=\"e-con-inner\">\n\t\t\t\t<div class=\"elementor-element elementor-element-53be5d4 elementor-widget elementor-widget-image\" data-id=\"53be5d4\" data-element_type=\"widget\" data-e-type=\"widget\" data-widget_type=\"image.default\">\n\t\t\t\t<div class=\"elementor-widget-container\">\n\t\t\t\t\t\t\t\t\t\t\t\t\t\t\t<img fetchpriority=\"high\" decoding=\"async\" width=\"415\" height=\"600\" src=\"https:\/\/parablau.com\/galerie\/wp-content\/uploads\/2024\/08\/10-13.jpg\" class=\"attachment-medium_large size-medium_large wp-image-12343\" alt=\"\" srcset=\"https:\/\/parablau.com\/galerie\/wp-content\/uploads\/2024\/08\/10-13.jpg 415w, https:\/\/parablau.com\/galerie\/wp-content\/uploads\/2024\/08\/10-13-208x300.jpg 208w\" sizes=\"(max-width: 415px) 100vw, 415px\" \/>\t\t\t\t\t\t\t\t\t\t\t\t\t\t\t<\/div>\n\t\t\t\t<\/div>\n\t\t\t\t\t<\/div>\n\t\t\t\t<\/div>\n\t\t\t\t<\/div>\n\t\t","protected":false},"excerpt":{"rendered":"<p>Schwarz-Wei\u00df Fotografien aus Rum\u00e4nien von Michal Matou\u0161ek und Farbfotografien aus Sarajevo von Peter R. Fischer\u00a0in der Galerie Ver\u00e4nderbar, G\u00f6rlitzerstra\u00dfe 42 HH [parablau-Exil]<\/p>\n","protected":false},"author":1,"featured_media":12343,"comment_status":"closed","ping_status":"closed","sticky":false,"template":"","format":"standard","meta":{"_tbt_post_transparent":"","_tbt_post_title":"","_tbt_post_layout":"","_tbt_post_sidebar_id":"","_tbt_post_content_style":"","_tbt_post_vertical_padding":"","_tbt_post_feature":"","_tbt_post_feature_position":"","_tbt_post_header":false,"_tbt_post_footer":false,"_jetpack_memberships_contains_paid_content":false},"categories":[79],"tags":[],"class_list":["post-12341","post","type-post","status-publish","format-standard","has-post-thumbnail","hentry","category-79"],"yoast_head":"<!-- This site is optimized with the Yoast SEO plugin v27.5 - https:\/\/yoast.com\/product\/yoast-seo-wordpress\/ -->\n<title>BILDER VOM BALKAN - parablau<\/title>\n<meta name=\"robots\" content=\"index, follow, max-snippet:-1, max-image-preview:large, max-video-preview:-1\" \/>\n<link rel=\"canonical\" href=\"https:\/\/parablau.com\/galerie\/2013\/10\/01\/bilder-vom-balkan\/\" \/>\n<meta property=\"og:locale\" content=\"de_DE\" \/>\n<meta property=\"og:type\" content=\"article\" \/>\n<meta property=\"og:title\" content=\"BILDER VOM BALKAN - parablau\" \/>\n<meta property=\"og:description\" content=\"Schwarz-Wei\u00df Fotografien aus Rum\u00e4nien von Michal Matou\u0161ek und Farbfotografien aus Sarajevo von Peter R. Fischer\u00a0in der Galerie Ver\u00e4nderbar, G\u00f6rlitzerstra\u00dfe 42 HH [parablau-Exil]\" \/>\n<meta property=\"og:url\" content=\"https:\/\/parablau.com\/galerie\/2013\/10\/01\/bilder-vom-balkan\/\" \/>\n<meta property=\"og:site_name\" content=\"parablau\" \/>\n<meta property=\"article:published_time\" content=\"2013-10-01T06:28:27+00:00\" \/>\n<meta property=\"article:modified_time\" content=\"2024-08-15T06:36:00+00:00\" \/>\n<meta property=\"og:image\" content=\"https:\/\/parablau.com\/galerie\/wp-content\/uploads\/2024\/08\/10-13.jpg\" \/>\n\t<meta property=\"og:image:width\" content=\"415\" \/>\n\t<meta property=\"og:image:height\" content=\"600\" \/>\n\t<meta property=\"og:image:type\" content=\"image\/jpeg\" \/>\n<meta name=\"author\" content=\"kuratorin\" \/>\n<meta name=\"twitter:card\" content=\"summary_large_image\" \/>\n<meta name=\"twitter:label1\" content=\"Verfasst von\" \/>\n\t<meta name=\"twitter:data1\" content=\"kuratorin\" \/>\n\t<meta name=\"twitter:label2\" content=\"Gesch\u00e4tzte Lesezeit\" \/>\n\t<meta name=\"twitter:data2\" content=\"2\u00a0Minuten\" \/>\n<script type=\"application\/ld+json\" class=\"yoast-schema-graph\">{\"@context\":\"https:\\\/\\\/schema.org\",\"@graph\":[{\"@type\":\"Article\",\"@id\":\"https:\\\/\\\/parablau.com\\\/galerie\\\/2013\\\/10\\\/01\\\/bilder-vom-balkan\\\/#article\",\"isPartOf\":{\"@id\":\"https:\\\/\\\/parablau.com\\\/galerie\\\/2013\\\/10\\\/01\\\/bilder-vom-balkan\\\/\"},\"author\":{\"name\":\"kuratorin\",\"@id\":\"https:\\\/\\\/parablau.com\\\/galerie\\\/#\\\/schema\\\/person\\\/de57857d13ad8a61aa7ca445ea36e128\"},\"headline\":\"BILDER VOM BALKAN\",\"datePublished\":\"2013-10-01T06:28:27+00:00\",\"dateModified\":\"2024-08-15T06:36:00+00:00\",\"mainEntityOfPage\":{\"@id\":\"https:\\\/\\\/parablau.com\\\/galerie\\\/2013\\\/10\\\/01\\\/bilder-vom-balkan\\\/\"},\"wordCount\":211,\"publisher\":{\"@id\":\"https:\\\/\\\/parablau.com\\\/galerie\\\/#organization\"},\"image\":{\"@id\":\"https:\\\/\\\/parablau.com\\\/galerie\\\/2013\\\/10\\\/01\\\/bilder-vom-balkan\\\/#primaryimage\"},\"thumbnailUrl\":\"https:\\\/\\\/parablau.com\\\/galerie\\\/wp-content\\\/uploads\\\/2024\\\/08\\\/10-13.jpg\",\"articleSection\":[\"2013\"],\"inLanguage\":\"de\"},{\"@type\":\"WebPage\",\"@id\":\"https:\\\/\\\/parablau.com\\\/galerie\\\/2013\\\/10\\\/01\\\/bilder-vom-balkan\\\/\",\"url\":\"https:\\\/\\\/parablau.com\\\/galerie\\\/2013\\\/10\\\/01\\\/bilder-vom-balkan\\\/\",\"name\":\"BILDER VOM BALKAN - parablau\",\"isPartOf\":{\"@id\":\"https:\\\/\\\/parablau.com\\\/galerie\\\/#website\"},\"primaryImageOfPage\":{\"@id\":\"https:\\\/\\\/parablau.com\\\/galerie\\\/2013\\\/10\\\/01\\\/bilder-vom-balkan\\\/#primaryimage\"},\"image\":{\"@id\":\"https:\\\/\\\/parablau.com\\\/galerie\\\/2013\\\/10\\\/01\\\/bilder-vom-balkan\\\/#primaryimage\"},\"thumbnailUrl\":\"https:\\\/\\\/parablau.com\\\/galerie\\\/wp-content\\\/uploads\\\/2024\\\/08\\\/10-13.jpg\",\"datePublished\":\"2013-10-01T06:28:27+00:00\",\"dateModified\":\"2024-08-15T06:36:00+00:00\",\"breadcrumb\":{\"@id\":\"https:\\\/\\\/parablau.com\\\/galerie\\\/2013\\\/10\\\/01\\\/bilder-vom-balkan\\\/#breadcrumb\"},\"inLanguage\":\"de\",\"potentialAction\":[{\"@type\":\"ReadAction\",\"target\":[\"https:\\\/\\\/parablau.com\\\/galerie\\\/2013\\\/10\\\/01\\\/bilder-vom-balkan\\\/\"]}]},{\"@type\":\"ImageObject\",\"inLanguage\":\"de\",\"@id\":\"https:\\\/\\\/parablau.com\\\/galerie\\\/2013\\\/10\\\/01\\\/bilder-vom-balkan\\\/#primaryimage\",\"url\":\"https:\\\/\\\/parablau.com\\\/galerie\\\/wp-content\\\/uploads\\\/2024\\\/08\\\/10-13.jpg\",\"contentUrl\":\"https:\\\/\\\/parablau.com\\\/galerie\\\/wp-content\\\/uploads\\\/2024\\\/08\\\/10-13.jpg\",\"width\":415,\"height\":600},{\"@type\":\"BreadcrumbList\",\"@id\":\"https:\\\/\\\/parablau.com\\\/galerie\\\/2013\\\/10\\\/01\\\/bilder-vom-balkan\\\/#breadcrumb\",\"itemListElement\":[{\"@type\":\"ListItem\",\"position\":1,\"name\":\"Startseite\",\"item\":\"https:\\\/\\\/parablau.com\\\/galerie\\\/\"},{\"@type\":\"ListItem\",\"position\":2,\"name\":\"BILDER VOM BALKAN\"}]},{\"@type\":\"WebSite\",\"@id\":\"https:\\\/\\\/parablau.com\\\/galerie\\\/#website\",\"url\":\"https:\\\/\\\/parablau.com\\\/galerie\\\/\",\"name\":\"parablau\",\"description\":\"Galerie und Kunstprojekte in der Blauen Fabrik Dresden\",\"publisher\":{\"@id\":\"https:\\\/\\\/parablau.com\\\/galerie\\\/#organization\"},\"potentialAction\":[{\"@type\":\"SearchAction\",\"target\":{\"@type\":\"EntryPoint\",\"urlTemplate\":\"https:\\\/\\\/parablau.com\\\/galerie\\\/?s={search_term_string}\"},\"query-input\":{\"@type\":\"PropertyValueSpecification\",\"valueRequired\":true,\"valueName\":\"search_term_string\"}}],\"inLanguage\":\"de\"},{\"@type\":\"Organization\",\"@id\":\"https:\\\/\\\/parablau.com\\\/galerie\\\/#organization\",\"name\":\"parablau\",\"url\":\"https:\\\/\\\/parablau.com\\\/galerie\\\/\",\"logo\":{\"@type\":\"ImageObject\",\"inLanguage\":\"de\",\"@id\":\"https:\\\/\\\/parablau.com\\\/galerie\\\/#\\\/schema\\\/logo\\\/image\\\/\",\"url\":\"https:\\\/\\\/parablau.com\\\/galerie\\\/wp-content\\\/uploads\\\/2023\\\/11\\\/cropped-parablau-logo-kiwi-picasso-2-2a5f6e-1.png\",\"contentUrl\":\"https:\\\/\\\/parablau.com\\\/galerie\\\/wp-content\\\/uploads\\\/2023\\\/11\\\/cropped-parablau-logo-kiwi-picasso-2-2a5f6e-1.png\",\"width\":3467,\"height\":4275,\"caption\":\"parablau\"},\"image\":{\"@id\":\"https:\\\/\\\/parablau.com\\\/galerie\\\/#\\\/schema\\\/logo\\\/image\\\/\"}},{\"@type\":\"Person\",\"@id\":\"https:\\\/\\\/parablau.com\\\/galerie\\\/#\\\/schema\\\/person\\\/de57857d13ad8a61aa7ca445ea36e128\",\"name\":\"kuratorin\",\"image\":{\"@type\":\"ImageObject\",\"inLanguage\":\"de\",\"@id\":\"https:\\\/\\\/secure.gravatar.com\\\/avatar\\\/dfcf008e44889dadf03d6380428e38d3d334db117a42c4c6de7e248b56b97a6f?s=96&d=mm&r=g\",\"url\":\"https:\\\/\\\/secure.gravatar.com\\\/avatar\\\/dfcf008e44889dadf03d6380428e38d3d334db117a42c4c6de7e248b56b97a6f?s=96&d=mm&r=g\",\"contentUrl\":\"https:\\\/\\\/secure.gravatar.com\\\/avatar\\\/dfcf008e44889dadf03d6380428e38d3d334db117a42c4c6de7e248b56b97a6f?s=96&d=mm&r=g\",\"caption\":\"kuratorin\"},\"sameAs\":[\"https:\\\/\\\/parablau.com\\\/galerie\"],\"url\":\"https:\\\/\\\/parablau.com\\\/galerie\\\/author\\\/kuratorin\\\/\"}]}<\/script>\n<!-- \/ Yoast SEO plugin. -->","yoast_head_json":{"title":"BILDER VOM BALKAN - parablau","robots":{"index":"index","follow":"follow","max-snippet":"max-snippet:-1","max-image-preview":"max-image-preview:large","max-video-preview":"max-video-preview:-1"},"canonical":"https:\/\/parablau.com\/galerie\/2013\/10\/01\/bilder-vom-balkan\/","og_locale":"de_DE","og_type":"article","og_title":"BILDER VOM BALKAN - parablau","og_description":"Schwarz-Wei\u00df Fotografien aus Rum\u00e4nien von Michal Matou\u0161ek und Farbfotografien aus Sarajevo von Peter R. Fischer\u00a0in der Galerie Ver\u00e4nderbar, G\u00f6rlitzerstra\u00dfe 42 HH [parablau-Exil]","og_url":"https:\/\/parablau.com\/galerie\/2013\/10\/01\/bilder-vom-balkan\/","og_site_name":"parablau","article_published_time":"2013-10-01T06:28:27+00:00","article_modified_time":"2024-08-15T06:36:00+00:00","og_image":[{"width":415,"height":600,"url":"https:\/\/parablau.com\/galerie\/wp-content\/uploads\/2024\/08\/10-13.jpg","type":"image\/jpeg"}],"author":"kuratorin","twitter_card":"summary_large_image","twitter_misc":{"Verfasst von":"kuratorin","Gesch\u00e4tzte Lesezeit":"2\u00a0Minuten"},"schema":{"@context":"https:\/\/schema.org","@graph":[{"@type":"Article","@id":"https:\/\/parablau.com\/galerie\/2013\/10\/01\/bilder-vom-balkan\/#article","isPartOf":{"@id":"https:\/\/parablau.com\/galerie\/2013\/10\/01\/bilder-vom-balkan\/"},"author":{"name":"kuratorin","@id":"https:\/\/parablau.com\/galerie\/#\/schema\/person\/de57857d13ad8a61aa7ca445ea36e128"},"headline":"BILDER VOM BALKAN","datePublished":"2013-10-01T06:28:27+00:00","dateModified":"2024-08-15T06:36:00+00:00","mainEntityOfPage":{"@id":"https:\/\/parablau.com\/galerie\/2013\/10\/01\/bilder-vom-balkan\/"},"wordCount":211,"publisher":{"@id":"https:\/\/parablau.com\/galerie\/#organization"},"image":{"@id":"https:\/\/parablau.com\/galerie\/2013\/10\/01\/bilder-vom-balkan\/#primaryimage"},"thumbnailUrl":"https:\/\/parablau.com\/galerie\/wp-content\/uploads\/2024\/08\/10-13.jpg","articleSection":["2013"],"inLanguage":"de"},{"@type":"WebPage","@id":"https:\/\/parablau.com\/galerie\/2013\/10\/01\/bilder-vom-balkan\/","url":"https:\/\/parablau.com\/galerie\/2013\/10\/01\/bilder-vom-balkan\/","name":"BILDER VOM BALKAN - parablau","isPartOf":{"@id":"https:\/\/parablau.com\/galerie\/#website"},"primaryImageOfPage":{"@id":"https:\/\/parablau.com\/galerie\/2013\/10\/01\/bilder-vom-balkan\/#primaryimage"},"image":{"@id":"https:\/\/parablau.com\/galerie\/2013\/10\/01\/bilder-vom-balkan\/#primaryimage"},"thumbnailUrl":"https:\/\/parablau.com\/galerie\/wp-content\/uploads\/2024\/08\/10-13.jpg","datePublished":"2013-10-01T06:28:27+00:00","dateModified":"2024-08-15T06:36:00+00:00","breadcrumb":{"@id":"https:\/\/parablau.com\/galerie\/2013\/10\/01\/bilder-vom-balkan\/#breadcrumb"},"inLanguage":"de","potentialAction":[{"@type":"ReadAction","target":["https:\/\/parablau.com\/galerie\/2013\/10\/01\/bilder-vom-balkan\/"]}]},{"@type":"ImageObject","inLanguage":"de","@id":"https:\/\/parablau.com\/galerie\/2013\/10\/01\/bilder-vom-balkan\/#primaryimage","url":"https:\/\/parablau.com\/galerie\/wp-content\/uploads\/2024\/08\/10-13.jpg","contentUrl":"https:\/\/parablau.com\/galerie\/wp-content\/uploads\/2024\/08\/10-13.jpg","width":415,"height":600},{"@type":"BreadcrumbList","@id":"https:\/\/parablau.com\/galerie\/2013\/10\/01\/bilder-vom-balkan\/#breadcrumb","itemListElement":[{"@type":"ListItem","position":1,"name":"Startseite","item":"https:\/\/parablau.com\/galerie\/"},{"@type":"ListItem","position":2,"name":"BILDER VOM BALKAN"}]},{"@type":"WebSite","@id":"https:\/\/parablau.com\/galerie\/#website","url":"https:\/\/parablau.com\/galerie\/","name":"parablau","description":"Galerie und Kunstprojekte in der Blauen Fabrik Dresden","publisher":{"@id":"https:\/\/parablau.com\/galerie\/#organization"},"potentialAction":[{"@type":"SearchAction","target":{"@type":"EntryPoint","urlTemplate":"https:\/\/parablau.com\/galerie\/?s={search_term_string}"},"query-input":{"@type":"PropertyValueSpecification","valueRequired":true,"valueName":"search_term_string"}}],"inLanguage":"de"},{"@type":"Organization","@id":"https:\/\/parablau.com\/galerie\/#organization","name":"parablau","url":"https:\/\/parablau.com\/galerie\/","logo":{"@type":"ImageObject","inLanguage":"de","@id":"https:\/\/parablau.com\/galerie\/#\/schema\/logo\/image\/","url":"https:\/\/parablau.com\/galerie\/wp-content\/uploads\/2023\/11\/cropped-parablau-logo-kiwi-picasso-2-2a5f6e-1.png","contentUrl":"https:\/\/parablau.com\/galerie\/wp-content\/uploads\/2023\/11\/cropped-parablau-logo-kiwi-picasso-2-2a5f6e-1.png","width":3467,"height":4275,"caption":"parablau"},"image":{"@id":"https:\/\/parablau.com\/galerie\/#\/schema\/logo\/image\/"}},{"@type":"Person","@id":"https:\/\/parablau.com\/galerie\/#\/schema\/person\/de57857d13ad8a61aa7ca445ea36e128","name":"kuratorin","image":{"@type":"ImageObject","inLanguage":"de","@id":"https:\/\/secure.gravatar.com\/avatar\/dfcf008e44889dadf03d6380428e38d3d334db117a42c4c6de7e248b56b97a6f?s=96&d=mm&r=g","url":"https:\/\/secure.gravatar.com\/avatar\/dfcf008e44889dadf03d6380428e38d3d334db117a42c4c6de7e248b56b97a6f?s=96&d=mm&r=g","contentUrl":"https:\/\/secure.gravatar.com\/avatar\/dfcf008e44889dadf03d6380428e38d3d334db117a42c4c6de7e248b56b97a6f?s=96&d=mm&r=g","caption":"kuratorin"},"sameAs":["https:\/\/parablau.com\/galerie"],"url":"https:\/\/parablau.com\/galerie\/author\/kuratorin\/"}]}},"jetpack_featured_media_url":"https:\/\/parablau.com\/galerie\/wp-content\/uploads\/2024\/08\/10-13.jpg","jetpack_sharing_enabled":true,"_links":{"self":[{"href":"https:\/\/parablau.com\/galerie\/wp-json\/wp\/v2\/posts\/12341","targetHints":{"allow":["GET"]}}],"collection":[{"href":"https:\/\/parablau.com\/galerie\/wp-json\/wp\/v2\/posts"}],"about":[{"href":"https:\/\/parablau.com\/galerie\/wp-json\/wp\/v2\/types\/post"}],"author":[{"embeddable":true,"href":"https:\/\/parablau.com\/galerie\/wp-json\/wp\/v2\/users\/1"}],"replies":[{"embeddable":true,"href":"https:\/\/parablau.com\/galerie\/wp-json\/wp\/v2\/comments?post=12341"}],"version-history":[{"count":4,"href":"https:\/\/parablau.com\/galerie\/wp-json\/wp\/v2\/posts\/12341\/revisions"}],"predecessor-version":[{"id":12346,"href":"https:\/\/parablau.com\/galerie\/wp-json\/wp\/v2\/posts\/12341\/revisions\/12346"}],"wp:featuredmedia":[{"embeddable":true,"href":"https:\/\/parablau.com\/galerie\/wp-json\/wp\/v2\/media\/12343"}],"wp:attachment":[{"href":"https:\/\/parablau.com\/galerie\/wp-json\/wp\/v2\/media?parent=12341"}],"wp:term":[{"taxonomy":"category","embeddable":true,"href":"https:\/\/parablau.com\/galerie\/wp-json\/wp\/v2\/categories?post=12341"},{"taxonomy":"post_tag","embeddable":true,"href":"https:\/\/parablau.com\/galerie\/wp-json\/wp\/v2\/tags?post=12341"}],"curies":[{"name":"wp","href":"https:\/\/api.w.org\/{rel}","templated":true}]}}