{"id":12314,"date":"2014-11-01T13:47:35","date_gmt":"2014-11-01T12:47:35","guid":{"rendered":"https:\/\/parablau.com\/galerie\/?p=12314"},"modified":"2024-09-26T10:50:47","modified_gmt":"2024-09-26T08:50:47","slug":"kopfe-korper-und-kanonen","status":"publish","type":"post","link":"https:\/\/parablau.com\/galerie\/2014\/11\/01\/kopfe-korper-und-kanonen\/","title":{"rendered":"K\u00d6PFE, K\u00d6RPER UND KANONEN"},"content":{"rendered":"\t\t<div data-elementor-type=\"wp-post\" data-elementor-id=\"12314\" class=\"elementor elementor-12314\">\n\t\t\t\t<div class=\"elementor-element elementor-element-21eab985 e-flex e-con-boxed e-con e-parent\" data-id=\"21eab985\" data-element_type=\"container\" data-e-type=\"container\">\n\t\t\t\t\t<div class=\"e-con-inner\">\n\t\t\t\t<div class=\"elementor-element elementor-element-1690289f elementor-widget elementor-widget-text-editor\" data-id=\"1690289f\" data-element_type=\"widget\" data-e-type=\"widget\" data-widget_type=\"text-editor.default\">\n\t\t\t\t<div class=\"elementor-widget-container\">\n\t\t\t\t\t\t\t\t\t<p><strong>NOVEMBER\/DEZEMBER 2014<\/strong><\/p><p><strong>&#8222;K\u00f6pfe, K\u00f6rper\u00a0und Kanonen&#8220; &#8211; Malerei von Iris Hilpert, Giorgio Masnikosa, Barbara Rapp, Loris Cavallo und Wolf-Dieter K\u00f6pfer.<\/strong><\/p><p><br \/><strong>7. &#8211; 30. November in DRESDEN in der &#8222;Blauen Fabrik<\/strong>&#8222;. Vernissage Freitag, 7. November 19 Uhr.<br \/><strong>10. &#8211; 31. Dezember in \u00d9sti. <\/strong>Vernissage Mittwoch 10. Dezember.<\/p><p>\u201eDie Entwicklung experimenteller figurativer Bildsprachen hat K\u00fcnstler jeder Generation schon immer stark besch\u00e4ftigt. Mittels Abstrahierung\u00a0 und Vereinfachung neue Sichtweisen auf scheinbar Vertrautes zu erzeugen, ver\u00e4nderte Blickwinkel im Betrachter zu animieren und eine irritierende aber dennoch allgemein verst\u00e4ndliche Form der Verst\u00e4ndigung zu finden. K\u00fcnstler sind immer sehr individuelle Typen, so sagt man jedenfalls. Diese Typen in einer Gruppenausstellung zu vereinen ist ein besonderer Reiz. Die Ausstellung \u201eK\u00f6pfe, K\u00f6rper &amp; Kanonen \u2013 Fortsetzung\u201c schlie\u00dft direkt an die Ausstellungsreihe \u201eK\u00f6pfe,<\/p><p>K\u00f6rper &amp; Kanonen\u201c 2012 in Berlin von Iris Hilpert an, mit dem Unterschied, dass dieses Mal Kollegen mit im Kanonen-Boot sitzen.<\/p><p>Die gezeigten bildnerischen Werke sind nicht leichtverdaulich, wenngleich bei einigen Bildern auf den ersten Blick eine Form- und Farbenharmonie zu entdecken ist. Konzeptionell sind Tangenten zur deutschen Geschichte in einigen Arbeiten zu finden.\u201c<\/p><p>Zu den K\u00fcnstlern: Links zu den jeweiligen Homepages.<\/p><p><a href=\"http:\/\/www.iris-hilpert.com\/\" target=\"_blank\" rel=\"nofollow nofollow noopener\">http:\/\/www.iris-hilpert.com\/<\/a><br \/><a href=\"http:\/\/www.masnikosa-forlag.com\/Start.html\" target=\"_blank\" rel=\"nofollow nofollow noopener\">http:\/\/<wbr \/>www.masnikosa-forlag.com\/<wbr \/>Start.html<\/a><br \/><a href=\"http:\/\/wolfdieterkoepfer.wordpress.com\/\" target=\"_blank\" rel=\"nofollow nofollow noopener\">http:\/\/<wbr \/>wolfdieterkoepfer.wordpress.com<wbr \/>\/<\/a><br \/><a href=\"http:\/\/www.barbara-rapp.com\/\" target=\"_blank\" rel=\"nofollow nofollow noopener\">www.barbara-rapp.com<\/a><br \/><a href=\"http:\/\/l.facebook.com\/l.php?u=http%3A%2F%2Fwww.figunetik.com%2Fcavallo%2F&amp;h=xAQE6Zjhc&amp;enc=AZPDArIDBa7WdqVUiSd2tJk-YYYOK6z_t1WSDdwzBnMPDzlTPvUs0qutuscKpm6WJ_8VzI9R6GMzRe_z2nucnpsHaxDMvxFKK45607NTnXq1ChUApZquFBzjqIPqUjINrJr5A-dklJt5wyRoftkIDEeI&amp;s=1\" target=\"_blank\" rel=\"nofollow nofollow noopener\">http:\/\/www.figunetik.com\/<wbr \/>cavallo\/<\/a><\/p>\t\t\t\t\t\t\t\t<\/div>\n\t\t\t\t<\/div>\n\t\t\t\t\t<\/div>\n\t\t\t\t<\/div>\n\t\t<div class=\"elementor-element elementor-element-96b940d e-flex e-con-boxed e-con e-parent\" data-id=\"96b940d\" data-element_type=\"container\" data-e-type=\"container\">\n\t\t\t\t\t<div class=\"e-con-inner\">\n\t\t\t\t<div class=\"elementor-element elementor-element-929fa3f elementor-widget elementor-widget-spacer\" data-id=\"929fa3f\" data-element_type=\"widget\" data-e-type=\"widget\" data-widget_type=\"spacer.default\">\n\t\t\t\t<div class=\"elementor-widget-container\">\n\t\t\t\t\t\t\t<div class=\"elementor-spacer\">\n\t\t\t<div class=\"elementor-spacer-inner\"><\/div>\n\t\t<\/div>\n\t\t\t\t\t\t<\/div>\n\t\t\t\t<\/div>\n\t\t\t\t\t<\/div>\n\t\t\t\t<\/div>\n\t\t<div class=\"elementor-element elementor-element-8c2bef0 e-flex e-con-boxed e-con e-parent\" data-id=\"8c2bef0\" data-element_type=\"container\" data-e-type=\"container\">\n\t\t\t\t\t<div class=\"e-con-inner\">\n\t\t<div class=\"elementor-element elementor-element-aab479d e-con-full e-flex e-con e-child\" data-id=\"aab479d\" data-element_type=\"container\" data-e-type=\"container\">\n\t\t\t\t<div class=\"elementor-element elementor-element-b6d5a34 elementor-widget elementor-widget-text-editor\" data-id=\"b6d5a34\" data-element_type=\"widget\" data-e-type=\"widget\" data-widget_type=\"text-editor.default\">\n\t\t\t\t<div class=\"elementor-widget-container\">\n\t\t\t\t\t\t\t\t\t<p><strong>\u010cZ<\/strong><\/p><p>\u201ePr\u00e1ce na m\u00fdch obrazech za\u010d\u00edn\u00e1 nev\u011bdomou exploz\u00ed malby. Vznikl\u00e9 formy a kontury tvo\u0159\u00ed kostru, kter\u00e1 je v\u011bdomou intepretac\u00ed stav\u011bna v krat\u0161\u00edch \u010di del\u0161\u00edch \u010dasov\u00fdch usec\u00edch. Pou\u017e\u00edv\u00e1m \u0161t\u011btec, spray, v\u00e1le\u010dek, okolo le\u017e\u00edc\u00ed p\u0159edm\u011bty nebo st\u0159\u00edk\u00e1m na obraz. Kdejak\u00fd obraz je ponech\u00e1n v nev\u011bdom\u00e9m st\u00e1diu.\u201c<\/p><p>O um\u011blci: Thomas Christians pochaz\u00ed ze Sasko-Anhaltska a vyrostl v okol\u00ed Magdeburgu. Mnoho let \u017eil v Dr\u00e1\u017e\u010fanech, Budy\u0161\u00edn\u011b a Zho\u0159elci. S um\u011bleckou sc\u00e9nou Dr\u00e1\u017e\u010fan je propojen do dnes a udr\u017euje s n\u00ed \u010dil\u00e9 kontakty. Nyn\u00ed \u017eije ve m\u011bstech Markleeberg u Lipska a Nienburg\/Saale. Od roku 1997 je um\u011blecky aktivn\u00ed a od roku 2012 \u010dlen \u201eKunstinitiative Im Friese e.V.\u201c. Vystavoval na t\u011bchto m\u00edstech: Bautzen, Leipzig, Magdeburg, Rostock, G\u00f6rlitz, Kirschau und Nienburg a.d. Saale.<\/p>\t\t\t\t\t\t\t\t<\/div>\n\t\t\t\t<\/div>\n\t\t\t\t<\/div>\n\t\t\t\t\t<\/div>\n\t\t\t\t<\/div>\n\t\t<div class=\"elementor-element elementor-element-bbb550e e-flex e-con-boxed e-con e-parent\" data-id=\"bbb550e\" data-element_type=\"container\" data-e-type=\"container\">\n\t\t\t\t\t<div class=\"e-con-inner\">\n\t\t\t\t<div class=\"elementor-element elementor-element-1e223a0 elementor-widget elementor-widget-spacer\" data-id=\"1e223a0\" data-element_type=\"widget\" data-e-type=\"widget\" data-widget_type=\"spacer.default\">\n\t\t\t\t<div class=\"elementor-widget-container\">\n\t\t\t\t\t\t\t<div class=\"elementor-spacer\">\n\t\t\t<div class=\"elementor-spacer-inner\"><\/div>\n\t\t<\/div>\n\t\t\t\t\t\t<\/div>\n\t\t\t\t<\/div>\n\t\t\t\t\t<\/div>\n\t\t\t\t<\/div>\n\t\t<div class=\"elementor-element elementor-element-e307f42 e-grid e-con-boxed e-con e-parent\" data-id=\"e307f42\" data-element_type=\"container\" data-e-type=\"container\">\n\t\t\t\t\t<div class=\"e-con-inner\">\n\t\t\t\t<div class=\"elementor-element elementor-element-c63f022 elementor-widget elementor-widget-image\" data-id=\"c63f022\" data-element_type=\"widget\" data-e-type=\"widget\" data-widget_type=\"image.default\">\n\t\t\t\t<div class=\"elementor-widget-container\">\n\t\t\t\t\t\t\t\t\t\t\t\t\t\t\t<img fetchpriority=\"high\" decoding=\"async\" width=\"529\" height=\"380\" src=\"https:\/\/parablau.com\/galerie\/wp-content\/uploads\/2024\/08\/09-14.jpg\" class=\"attachment-medium_large size-medium_large wp-image-12316\" alt=\"\" srcset=\"https:\/\/parablau.com\/galerie\/wp-content\/uploads\/2024\/08\/09-14.jpg 529w, https:\/\/parablau.com\/galerie\/wp-content\/uploads\/2024\/08\/09-14-300x216.jpg 300w\" sizes=\"(max-width: 529px) 100vw, 529px\" \/>\t\t\t\t\t\t\t\t\t\t\t\t\t\t\t<\/div>\n\t\t\t\t<\/div>\n\t\t\t\t<div class=\"elementor-element elementor-element-64e4cc6 elementor-widget elementor-widget-image\" data-id=\"64e4cc6\" data-element_type=\"widget\" data-e-type=\"widget\" data-widget_type=\"image.default\">\n\t\t\t\t<div class=\"elementor-widget-container\">\n\t\t\t\t\t\t\t\t\t\t\t\t\t\t\t<img decoding=\"async\" width=\"380\" height=\"410\" src=\"https:\/\/parablau.com\/galerie\/wp-content\/uploads\/2014\/11\/11-14.jpg\" class=\"attachment-medium_large size-medium_large wp-image-12517\" alt=\"\" srcset=\"https:\/\/parablau.com\/galerie\/wp-content\/uploads\/2014\/11\/11-14.jpg 380w, https:\/\/parablau.com\/galerie\/wp-content\/uploads\/2014\/11\/11-14-278x300.jpg 278w\" sizes=\"(max-width: 380px) 100vw, 380px\" \/>\t\t\t\t\t\t\t\t\t\t\t\t\t\t\t<\/div>\n\t\t\t\t<\/div>\n\t\t\t\t\t<\/div>\n\t\t\t\t<\/div>\n\t\t\t\t<\/div>\n\t\t","protected":false},"excerpt":{"rendered":"<p>&#8222;K\u00f6pfe, K\u00f6rper\u00a0und Kanonen&#8220; &#8211; Malerei von Iris Hilpert, Giorgio Masnikosa, Barbara Rapp, Loris Cavallo und Wolf-Dieter K\u00f6pfer.<\/p>\n","protected":false},"author":1,"featured_media":12316,"comment_status":"closed","ping_status":"closed","sticky":false,"template":"","format":"standard","meta":{"_tbt_post_transparent":"","_tbt_post_title":"","_tbt_post_layout":"","_tbt_post_sidebar_id":"","_tbt_post_content_style":"","_tbt_post_vertical_padding":"","_tbt_post_feature":"","_tbt_post_feature_position":"","_tbt_post_header":false,"_tbt_post_footer":false,"_jetpack_memberships_contains_paid_content":false},"categories":[78],"tags":[],"class_list":["post-12314","post","type-post","status-publish","format-standard","has-post-thumbnail","hentry","category-78"],"yoast_head":"<!-- This site is optimized with the Yoast SEO plugin v27.5 - https:\/\/yoast.com\/product\/yoast-seo-wordpress\/ -->\n<title>K\u00d6PFE, K\u00d6RPER UND KANONEN - parablau<\/title>\n<meta name=\"robots\" content=\"index, follow, max-snippet:-1, max-image-preview:large, max-video-preview:-1\" \/>\n<link rel=\"canonical\" href=\"https:\/\/parablau.com\/galerie\/2014\/11\/01\/kopfe-korper-und-kanonen\/\" \/>\n<meta property=\"og:locale\" content=\"de_DE\" \/>\n<meta property=\"og:type\" content=\"article\" \/>\n<meta property=\"og:title\" content=\"K\u00d6PFE, K\u00d6RPER UND KANONEN - parablau\" \/>\n<meta property=\"og:description\" content=\"&quot;K\u00f6pfe, K\u00f6rper\u00a0und Kanonen&quot; - Malerei von Iris Hilpert, Giorgio Masnikosa, Barbara Rapp, Loris Cavallo und Wolf-Dieter K\u00f6pfer.\" \/>\n<meta property=\"og:url\" content=\"https:\/\/parablau.com\/galerie\/2014\/11\/01\/kopfe-korper-und-kanonen\/\" \/>\n<meta property=\"og:site_name\" content=\"parablau\" \/>\n<meta property=\"article:published_time\" content=\"2014-11-01T12:47:35+00:00\" \/>\n<meta property=\"article:modified_time\" content=\"2024-09-26T08:50:47+00:00\" \/>\n<meta property=\"og:image\" content=\"https:\/\/parablau.com\/galerie\/wp-content\/uploads\/2024\/08\/09-14.jpg\" \/>\n\t<meta property=\"og:image:width\" content=\"529\" \/>\n\t<meta property=\"og:image:height\" content=\"380\" \/>\n\t<meta property=\"og:image:type\" content=\"image\/jpeg\" \/>\n<meta name=\"author\" content=\"kuratorin\" \/>\n<meta name=\"twitter:card\" content=\"summary_large_image\" \/>\n<meta name=\"twitter:label1\" content=\"Verfasst von\" \/>\n\t<meta name=\"twitter:data1\" content=\"kuratorin\" \/>\n\t<meta name=\"twitter:label2\" content=\"Gesch\u00e4tzte Lesezeit\" \/>\n\t<meta name=\"twitter:data2\" content=\"3\u00a0Minuten\" \/>\n<script type=\"application\/ld+json\" class=\"yoast-schema-graph\">{\"@context\":\"https:\\\/\\\/schema.org\",\"@graph\":[{\"@type\":\"Article\",\"@id\":\"https:\\\/\\\/parablau.com\\\/galerie\\\/2014\\\/11\\\/01\\\/kopfe-korper-und-kanonen\\\/#article\",\"isPartOf\":{\"@id\":\"https:\\\/\\\/parablau.com\\\/galerie\\\/2014\\\/11\\\/01\\\/kopfe-korper-und-kanonen\\\/\"},\"author\":{\"name\":\"kuratorin\",\"@id\":\"https:\\\/\\\/parablau.com\\\/galerie\\\/#\\\/schema\\\/person\\\/de57857d13ad8a61aa7ca445ea36e128\"},\"headline\":\"K\u00d6PFE, K\u00d6RPER UND KANONEN\",\"datePublished\":\"2014-11-01T12:47:35+00:00\",\"dateModified\":\"2024-09-26T08:50:47+00:00\",\"mainEntityOfPage\":{\"@id\":\"https:\\\/\\\/parablau.com\\\/galerie\\\/2014\\\/11\\\/01\\\/kopfe-korper-und-kanonen\\\/\"},\"wordCount\":373,\"publisher\":{\"@id\":\"https:\\\/\\\/parablau.com\\\/galerie\\\/#organization\"},\"image\":{\"@id\":\"https:\\\/\\\/parablau.com\\\/galerie\\\/2014\\\/11\\\/01\\\/kopfe-korper-und-kanonen\\\/#primaryimage\"},\"thumbnailUrl\":\"https:\\\/\\\/parablau.com\\\/galerie\\\/wp-content\\\/uploads\\\/2024\\\/08\\\/09-14.jpg\",\"articleSection\":[\"2014\"],\"inLanguage\":\"de\"},{\"@type\":\"WebPage\",\"@id\":\"https:\\\/\\\/parablau.com\\\/galerie\\\/2014\\\/11\\\/01\\\/kopfe-korper-und-kanonen\\\/\",\"url\":\"https:\\\/\\\/parablau.com\\\/galerie\\\/2014\\\/11\\\/01\\\/kopfe-korper-und-kanonen\\\/\",\"name\":\"K\u00d6PFE, K\u00d6RPER UND KANONEN - parablau\",\"isPartOf\":{\"@id\":\"https:\\\/\\\/parablau.com\\\/galerie\\\/#website\"},\"primaryImageOfPage\":{\"@id\":\"https:\\\/\\\/parablau.com\\\/galerie\\\/2014\\\/11\\\/01\\\/kopfe-korper-und-kanonen\\\/#primaryimage\"},\"image\":{\"@id\":\"https:\\\/\\\/parablau.com\\\/galerie\\\/2014\\\/11\\\/01\\\/kopfe-korper-und-kanonen\\\/#primaryimage\"},\"thumbnailUrl\":\"https:\\\/\\\/parablau.com\\\/galerie\\\/wp-content\\\/uploads\\\/2024\\\/08\\\/09-14.jpg\",\"datePublished\":\"2014-11-01T12:47:35+00:00\",\"dateModified\":\"2024-09-26T08:50:47+00:00\",\"breadcrumb\":{\"@id\":\"https:\\\/\\\/parablau.com\\\/galerie\\\/2014\\\/11\\\/01\\\/kopfe-korper-und-kanonen\\\/#breadcrumb\"},\"inLanguage\":\"de\",\"potentialAction\":[{\"@type\":\"ReadAction\",\"target\":[\"https:\\\/\\\/parablau.com\\\/galerie\\\/2014\\\/11\\\/01\\\/kopfe-korper-und-kanonen\\\/\"]}]},{\"@type\":\"ImageObject\",\"inLanguage\":\"de\",\"@id\":\"https:\\\/\\\/parablau.com\\\/galerie\\\/2014\\\/11\\\/01\\\/kopfe-korper-und-kanonen\\\/#primaryimage\",\"url\":\"https:\\\/\\\/parablau.com\\\/galerie\\\/wp-content\\\/uploads\\\/2024\\\/08\\\/09-14.jpg\",\"contentUrl\":\"https:\\\/\\\/parablau.com\\\/galerie\\\/wp-content\\\/uploads\\\/2024\\\/08\\\/09-14.jpg\",\"width\":529,\"height\":380},{\"@type\":\"BreadcrumbList\",\"@id\":\"https:\\\/\\\/parablau.com\\\/galerie\\\/2014\\\/11\\\/01\\\/kopfe-korper-und-kanonen\\\/#breadcrumb\",\"itemListElement\":[{\"@type\":\"ListItem\",\"position\":1,\"name\":\"Startseite\",\"item\":\"https:\\\/\\\/parablau.com\\\/galerie\\\/\"},{\"@type\":\"ListItem\",\"position\":2,\"name\":\"K\u00d6PFE, K\u00d6RPER UND KANONEN\"}]},{\"@type\":\"WebSite\",\"@id\":\"https:\\\/\\\/parablau.com\\\/galerie\\\/#website\",\"url\":\"https:\\\/\\\/parablau.com\\\/galerie\\\/\",\"name\":\"parablau\",\"description\":\"Galerie und Kunstprojekte in der Blauen Fabrik Dresden\",\"publisher\":{\"@id\":\"https:\\\/\\\/parablau.com\\\/galerie\\\/#organization\"},\"potentialAction\":[{\"@type\":\"SearchAction\",\"target\":{\"@type\":\"EntryPoint\",\"urlTemplate\":\"https:\\\/\\\/parablau.com\\\/galerie\\\/?s={search_term_string}\"},\"query-input\":{\"@type\":\"PropertyValueSpecification\",\"valueRequired\":true,\"valueName\":\"search_term_string\"}}],\"inLanguage\":\"de\"},{\"@type\":\"Organization\",\"@id\":\"https:\\\/\\\/parablau.com\\\/galerie\\\/#organization\",\"name\":\"parablau\",\"url\":\"https:\\\/\\\/parablau.com\\\/galerie\\\/\",\"logo\":{\"@type\":\"ImageObject\",\"inLanguage\":\"de\",\"@id\":\"https:\\\/\\\/parablau.com\\\/galerie\\\/#\\\/schema\\\/logo\\\/image\\\/\",\"url\":\"https:\\\/\\\/parablau.com\\\/galerie\\\/wp-content\\\/uploads\\\/2023\\\/11\\\/cropped-parablau-logo-kiwi-picasso-2-2a5f6e-1.png\",\"contentUrl\":\"https:\\\/\\\/parablau.com\\\/galerie\\\/wp-content\\\/uploads\\\/2023\\\/11\\\/cropped-parablau-logo-kiwi-picasso-2-2a5f6e-1.png\",\"width\":3467,\"height\":4275,\"caption\":\"parablau\"},\"image\":{\"@id\":\"https:\\\/\\\/parablau.com\\\/galerie\\\/#\\\/schema\\\/logo\\\/image\\\/\"}},{\"@type\":\"Person\",\"@id\":\"https:\\\/\\\/parablau.com\\\/galerie\\\/#\\\/schema\\\/person\\\/de57857d13ad8a61aa7ca445ea36e128\",\"name\":\"kuratorin\",\"image\":{\"@type\":\"ImageObject\",\"inLanguage\":\"de\",\"@id\":\"https:\\\/\\\/secure.gravatar.com\\\/avatar\\\/dfcf008e44889dadf03d6380428e38d3d334db117a42c4c6de7e248b56b97a6f?s=96&d=mm&r=g\",\"url\":\"https:\\\/\\\/secure.gravatar.com\\\/avatar\\\/dfcf008e44889dadf03d6380428e38d3d334db117a42c4c6de7e248b56b97a6f?s=96&d=mm&r=g\",\"contentUrl\":\"https:\\\/\\\/secure.gravatar.com\\\/avatar\\\/dfcf008e44889dadf03d6380428e38d3d334db117a42c4c6de7e248b56b97a6f?s=96&d=mm&r=g\",\"caption\":\"kuratorin\"},\"sameAs\":[\"https:\\\/\\\/parablau.com\\\/galerie\"],\"url\":\"https:\\\/\\\/parablau.com\\\/galerie\\\/author\\\/kuratorin\\\/\"}]}<\/script>\n<!-- \/ Yoast SEO plugin. -->","yoast_head_json":{"title":"K\u00d6PFE, K\u00d6RPER UND KANONEN - parablau","robots":{"index":"index","follow":"follow","max-snippet":"max-snippet:-1","max-image-preview":"max-image-preview:large","max-video-preview":"max-video-preview:-1"},"canonical":"https:\/\/parablau.com\/galerie\/2014\/11\/01\/kopfe-korper-und-kanonen\/","og_locale":"de_DE","og_type":"article","og_title":"K\u00d6PFE, K\u00d6RPER UND KANONEN - parablau","og_description":"\"K\u00f6pfe, K\u00f6rper\u00a0und Kanonen\" - Malerei von Iris Hilpert, Giorgio Masnikosa, Barbara Rapp, Loris Cavallo und Wolf-Dieter K\u00f6pfer.","og_url":"https:\/\/parablau.com\/galerie\/2014\/11\/01\/kopfe-korper-und-kanonen\/","og_site_name":"parablau","article_published_time":"2014-11-01T12:47:35+00:00","article_modified_time":"2024-09-26T08:50:47+00:00","og_image":[{"width":529,"height":380,"url":"https:\/\/parablau.com\/galerie\/wp-content\/uploads\/2024\/08\/09-14.jpg","type":"image\/jpeg"}],"author":"kuratorin","twitter_card":"summary_large_image","twitter_misc":{"Verfasst von":"kuratorin","Gesch\u00e4tzte Lesezeit":"3\u00a0Minuten"},"schema":{"@context":"https:\/\/schema.org","@graph":[{"@type":"Article","@id":"https:\/\/parablau.com\/galerie\/2014\/11\/01\/kopfe-korper-und-kanonen\/#article","isPartOf":{"@id":"https:\/\/parablau.com\/galerie\/2014\/11\/01\/kopfe-korper-und-kanonen\/"},"author":{"name":"kuratorin","@id":"https:\/\/parablau.com\/galerie\/#\/schema\/person\/de57857d13ad8a61aa7ca445ea36e128"},"headline":"K\u00d6PFE, K\u00d6RPER UND KANONEN","datePublished":"2014-11-01T12:47:35+00:00","dateModified":"2024-09-26T08:50:47+00:00","mainEntityOfPage":{"@id":"https:\/\/parablau.com\/galerie\/2014\/11\/01\/kopfe-korper-und-kanonen\/"},"wordCount":373,"publisher":{"@id":"https:\/\/parablau.com\/galerie\/#organization"},"image":{"@id":"https:\/\/parablau.com\/galerie\/2014\/11\/01\/kopfe-korper-und-kanonen\/#primaryimage"},"thumbnailUrl":"https:\/\/parablau.com\/galerie\/wp-content\/uploads\/2024\/08\/09-14.jpg","articleSection":["2014"],"inLanguage":"de"},{"@type":"WebPage","@id":"https:\/\/parablau.com\/galerie\/2014\/11\/01\/kopfe-korper-und-kanonen\/","url":"https:\/\/parablau.com\/galerie\/2014\/11\/01\/kopfe-korper-und-kanonen\/","name":"K\u00d6PFE, K\u00d6RPER UND KANONEN - parablau","isPartOf":{"@id":"https:\/\/parablau.com\/galerie\/#website"},"primaryImageOfPage":{"@id":"https:\/\/parablau.com\/galerie\/2014\/11\/01\/kopfe-korper-und-kanonen\/#primaryimage"},"image":{"@id":"https:\/\/parablau.com\/galerie\/2014\/11\/01\/kopfe-korper-und-kanonen\/#primaryimage"},"thumbnailUrl":"https:\/\/parablau.com\/galerie\/wp-content\/uploads\/2024\/08\/09-14.jpg","datePublished":"2014-11-01T12:47:35+00:00","dateModified":"2024-09-26T08:50:47+00:00","breadcrumb":{"@id":"https:\/\/parablau.com\/galerie\/2014\/11\/01\/kopfe-korper-und-kanonen\/#breadcrumb"},"inLanguage":"de","potentialAction":[{"@type":"ReadAction","target":["https:\/\/parablau.com\/galerie\/2014\/11\/01\/kopfe-korper-und-kanonen\/"]}]},{"@type":"ImageObject","inLanguage":"de","@id":"https:\/\/parablau.com\/galerie\/2014\/11\/01\/kopfe-korper-und-kanonen\/#primaryimage","url":"https:\/\/parablau.com\/galerie\/wp-content\/uploads\/2024\/08\/09-14.jpg","contentUrl":"https:\/\/parablau.com\/galerie\/wp-content\/uploads\/2024\/08\/09-14.jpg","width":529,"height":380},{"@type":"BreadcrumbList","@id":"https:\/\/parablau.com\/galerie\/2014\/11\/01\/kopfe-korper-und-kanonen\/#breadcrumb","itemListElement":[{"@type":"ListItem","position":1,"name":"Startseite","item":"https:\/\/parablau.com\/galerie\/"},{"@type":"ListItem","position":2,"name":"K\u00d6PFE, K\u00d6RPER UND KANONEN"}]},{"@type":"WebSite","@id":"https:\/\/parablau.com\/galerie\/#website","url":"https:\/\/parablau.com\/galerie\/","name":"parablau","description":"Galerie und Kunstprojekte in der Blauen Fabrik Dresden","publisher":{"@id":"https:\/\/parablau.com\/galerie\/#organization"},"potentialAction":[{"@type":"SearchAction","target":{"@type":"EntryPoint","urlTemplate":"https:\/\/parablau.com\/galerie\/?s={search_term_string}"},"query-input":{"@type":"PropertyValueSpecification","valueRequired":true,"valueName":"search_term_string"}}],"inLanguage":"de"},{"@type":"Organization","@id":"https:\/\/parablau.com\/galerie\/#organization","name":"parablau","url":"https:\/\/parablau.com\/galerie\/","logo":{"@type":"ImageObject","inLanguage":"de","@id":"https:\/\/parablau.com\/galerie\/#\/schema\/logo\/image\/","url":"https:\/\/parablau.com\/galerie\/wp-content\/uploads\/2023\/11\/cropped-parablau-logo-kiwi-picasso-2-2a5f6e-1.png","contentUrl":"https:\/\/parablau.com\/galerie\/wp-content\/uploads\/2023\/11\/cropped-parablau-logo-kiwi-picasso-2-2a5f6e-1.png","width":3467,"height":4275,"caption":"parablau"},"image":{"@id":"https:\/\/parablau.com\/galerie\/#\/schema\/logo\/image\/"}},{"@type":"Person","@id":"https:\/\/parablau.com\/galerie\/#\/schema\/person\/de57857d13ad8a61aa7ca445ea36e128","name":"kuratorin","image":{"@type":"ImageObject","inLanguage":"de","@id":"https:\/\/secure.gravatar.com\/avatar\/dfcf008e44889dadf03d6380428e38d3d334db117a42c4c6de7e248b56b97a6f?s=96&d=mm&r=g","url":"https:\/\/secure.gravatar.com\/avatar\/dfcf008e44889dadf03d6380428e38d3d334db117a42c4c6de7e248b56b97a6f?s=96&d=mm&r=g","contentUrl":"https:\/\/secure.gravatar.com\/avatar\/dfcf008e44889dadf03d6380428e38d3d334db117a42c4c6de7e248b56b97a6f?s=96&d=mm&r=g","caption":"kuratorin"},"sameAs":["https:\/\/parablau.com\/galerie"],"url":"https:\/\/parablau.com\/galerie\/author\/kuratorin\/"}]}},"jetpack_featured_media_url":"https:\/\/parablau.com\/galerie\/wp-content\/uploads\/2024\/08\/09-14.jpg","jetpack_sharing_enabled":true,"_links":{"self":[{"href":"https:\/\/parablau.com\/galerie\/wp-json\/wp\/v2\/posts\/12314","targetHints":{"allow":["GET"]}}],"collection":[{"href":"https:\/\/parablau.com\/galerie\/wp-json\/wp\/v2\/posts"}],"about":[{"href":"https:\/\/parablau.com\/galerie\/wp-json\/wp\/v2\/types\/post"}],"author":[{"embeddable":true,"href":"https:\/\/parablau.com\/galerie\/wp-json\/wp\/v2\/users\/1"}],"replies":[{"embeddable":true,"href":"https:\/\/parablau.com\/galerie\/wp-json\/wp\/v2\/comments?post=12314"}],"version-history":[{"count":8,"href":"https:\/\/parablau.com\/galerie\/wp-json\/wp\/v2\/posts\/12314\/revisions"}],"predecessor-version":[{"id":12520,"href":"https:\/\/parablau.com\/galerie\/wp-json\/wp\/v2\/posts\/12314\/revisions\/12520"}],"wp:featuredmedia":[{"embeddable":true,"href":"https:\/\/parablau.com\/galerie\/wp-json\/wp\/v2\/media\/12316"}],"wp:attachment":[{"href":"https:\/\/parablau.com\/galerie\/wp-json\/wp\/v2\/media?parent=12314"}],"wp:term":[{"taxonomy":"category","embeddable":true,"href":"https:\/\/parablau.com\/galerie\/wp-json\/wp\/v2\/categories?post=12314"},{"taxonomy":"post_tag","embeddable":true,"href":"https:\/\/parablau.com\/galerie\/wp-json\/wp\/v2\/tags?post=12314"}],"curies":[{"name":"wp","href":"https:\/\/api.w.org\/{rel}","templated":true}]}}