{"id":12282,"date":"2014-08-01T13:04:17","date_gmt":"2014-08-01T11:04:17","guid":{"rendered":"https:\/\/parablau.com\/galerie\/?p=12282"},"modified":"2024-08-11T13:14:06","modified_gmt":"2024-08-11T11:14:06","slug":"die-linie-der-identitat","status":"publish","type":"post","link":"https:\/\/parablau.com\/galerie\/2014\/08\/01\/die-linie-der-identitat\/","title":{"rendered":"DIE LINIE DER IDENTIT\u00c4T"},"content":{"rendered":"\t\t<div data-elementor-type=\"wp-post\" data-elementor-id=\"12282\" class=\"elementor elementor-12282\">\n\t\t\t\t<div class=\"elementor-element elementor-element-37b799fb e-flex e-con-boxed e-con e-parent\" data-id=\"37b799fb\" data-element_type=\"container\" data-e-type=\"container\">\n\t\t\t\t\t<div class=\"e-con-inner\">\n\t\t\t\t<div class=\"elementor-element elementor-element-1a031dd9 elementor-widget elementor-widget-text-editor\" data-id=\"1a031dd9\" data-element_type=\"widget\" data-e-type=\"widget\" data-widget_type=\"text-editor.default\">\n\t\t\t\t<div class=\"elementor-widget-container\">\n\t\t\t\t\t\t\t\t\t<p><strong>AUGUST 2014<\/strong><\/p><p><strong><span lang=\"en\">Werke von\u00a0Michaela Spri\u017einov\u00e1, Michaela Hrabov\u00e1 und\u00a0Petra Sklen\u00e1\u0159ov\u00e1<br \/>1. &#8211; 31. August in Dresden in der &#8222;Blauen Fabrik&#8220;<\/span><\/strong><\/p><p><span lang=\"en\">Die Ausstellung pr\u00e4sentiert 3 K\u00fcnstler aus \u00dasti nad Labem. Das Thema ist das Erkunden des eigenen Ichs, Umwelt und Erinnerung. Die Kunst erforscht Selbstorientierung und Identit\u00e4t in einer nur scheinbar vertrauten Welt.<\/span><\/p><p><strong>Michaela Hrabov\u00e1<\/strong><br \/>Untitled, 2014t<br \/>Die Video-Serie zeigt das Leben von Menschen, die sich jeden Tag treffen ohne Notiz voneinander zu nehmen. Aber diese Leute leben das selbe (unaufregende) Leben, dass wir selbst leben &#8211; sie verbringen ihre Zeit auf die selbe Art und mit den selben Aktivit\u00e4ten wie wir selbst auch.\u00a0Ich fokussierte mich auf banales menschliches Verhalten, dem wir meist keine Beachtung schenken, obwohl die Serie dieser Aktivit\u00e4ten einen Gro\u00dfteil unseres Lebens f\u00fcllt.\u00a0Die Videos reflektieren meine Aufmerksamkeit und (unzureichenden ) Bem\u00fchungen, in das Leben\u00a0der Passanten zu schauen und vielleicht helfen sie mir, f\u00fcr einen Augenblick mein eigenes Leben zu vergessen, so dass ich versuchen kann, das Leben der Anderen zu leben.<\/p><p><a href=\"https:\/\/vimeo.com\/98762382\" target=\"_blank\" rel=\"noopener\">https:\/\/vimeo.com\/98762382<\/a><\/p><p><strong>Petra Sklen\u00e1\u0159ov\u00e1<br \/><\/strong>studiert Digitale Medien an der Fakult\u00e4t f\u00fcr Kunst und Design der Jan Evangelista Purkyn\u011b Universit\u00e4t in \u00dast\u00ed nad Labem. Ihre Installationen und Videos stellen \u00fcberwiegend surrealistische Situationen, Paradoxe, absurd ironische Spiele dar, in denen sie den Drang mit dem Charakter einfacher Dinge zu experimentieren enth\u00fcllt, die so auf einmal \u201esprechen\u201c und ihr eigenes Leben leben. Verachtung der Naturgesetze, Zauber und Wunder auf der einen Seite, Eingriff in die Sicherheit und bew\u00e4hrten Erfahrungen auf der anderen Seite.<\/p><p><a href=\"https:\/\/vimeo.com\/69185718\" target=\"_blank\" rel=\"noopener\"> https:\/\/vimeo.com\/<wbr \/>69185718<\/a><\/p><p><strong>Michaela Spru\u017einov\u00e1<\/strong><br \/>studierte am staatlichen Institut f\u00fcr Glas der Fakult\u00e4t Kunst und Design in \u00dasti nad Labem und arbeitet nun als Assistentin am staatlichen Institut f\u00fcr Glas-Design der &#8222;Tom\u00e1\u0161 Ba\u0165a Universit\u00e4t&#8220; in Zl\u00edn. Ihre Werke verbinden Kunst und Design. Sie benutzt zeitgen\u00f6ssische Sprache und alle k\u00fcnstlerischen Arbeitsweisen. Ihr Hauptaugenmerk liegt auf fl\u00e4chenbezogenen Installationen und Bodyart.<\/p>\t\t\t\t\t\t\t\t<\/div>\n\t\t\t\t<\/div>\n\t\t\t\t\t<\/div>\n\t\t\t\t<\/div>\n\t\t<div class=\"elementor-element elementor-element-6a1734a e-flex e-con-boxed e-con e-parent\" data-id=\"6a1734a\" data-element_type=\"container\" data-e-type=\"container\">\n\t\t\t\t\t<div class=\"e-con-inner\">\n\t\t\t\t<div class=\"elementor-element elementor-element-8ba3a01 elementor-widget elementor-widget-spacer\" data-id=\"8ba3a01\" data-element_type=\"widget\" data-e-type=\"widget\" data-widget_type=\"spacer.default\">\n\t\t\t\t<div class=\"elementor-widget-container\">\n\t\t\t\t\t\t\t<div class=\"elementor-spacer\">\n\t\t\t<div class=\"elementor-spacer-inner\"><\/div>\n\t\t<\/div>\n\t\t\t\t\t\t<\/div>\n\t\t\t\t<\/div>\n\t\t\t\t\t<\/div>\n\t\t\t\t<\/div>\n\t\t<div class=\"elementor-element elementor-element-0d0ef7e e-flex e-con-boxed e-con e-parent\" data-id=\"0d0ef7e\" data-element_type=\"container\" data-e-type=\"container\">\n\t\t\t\t\t<div class=\"e-con-inner\">\n\t\t<div class=\"elementor-element elementor-element-877fbfe e-con-full e-flex e-con e-child\" data-id=\"877fbfe\" data-element_type=\"container\" data-e-type=\"container\">\n\t\t\t\t<div class=\"elementor-element elementor-element-e8395ad elementor-widget elementor-widget-text-editor\" data-id=\"e8395ad\" data-element_type=\"widget\" data-e-type=\"widget\" data-widget_type=\"text-editor.default\">\n\t\t\t\t<div class=\"elementor-widget-container\">\n\t\t\t\t\t\t\t\t\t<p><strong>EN<\/strong><\/p><p><span lang=\"en\">The exhibition presents\u00a0three\u00a0artists\u00a0from\u00a0\u00dast\u00ed\u00a0nad\u00a0Labem.\u00a0Theme\u00a0is direct to\u00a0exploring\u00a0<\/span><span lang=\"cs\">oneself<\/span><span lang=\"en\">, environment, and\u00a0memory.\u00a0The Arts research self orietance and identity of the intimate world.<\/span><\/p><p><strong>Michaela Hrabov\u00e1<\/strong><br \/>Video series think about the life of people who we meet every day without noticing. But this people live the same (un)important lifes like we do &#8211; they spend time like we do and they do same activities.<br \/>I focused on banal human conduct, to which we don\u00b4t have an atention, even though the series of<b>\u00a0<\/b>this activities fill most of our lifes.Videos reflect my attention and (unsuccessful) effort to look in to the lifes of passersby and maybe they help me to forget on my own life on a moment and I can try to live life of the others.<br \/>This\u00a0<b>moment<\/b>\u00a0I try through study of the one thing I know and see in moment of our meeting &#8211; what they do right now. I study this moment, recording it and then I play it (the same situation) like an actor. During performance I\u00b4m keeping the autenticity of the original atmosphere without my own thoughts.<br \/>I\u00b4m opening theme of the paralel worlds through this &#8211; how many people in the world does the same activities in the same time?<br \/>This project is start of the long-term research of life of other people (stranger) who are always attracted my attention.<\/p><p><strong>Petra Sklen\u00e1\u0159ov\u00e1<br \/><\/strong>Petra Sklen\u00e1\u0159ov\u00e1 studiert Digitale Medien an der Fakult\u00e4t f\u00fcr Kunst und Design der Jan Evangelista Purkyn\u011b Universit\u00e4t in \u00dast\u00ed nad Labem. Ihre Installationen und Videos stellen \u00fcberwiegend surrealistische Situationen, Paradoxe, absurd ironische Spiele dar, in denen sie den Drang mit dem Charakter einfacher Dinge zu experimentieren enth\u00fcllt, die so auf einmal \u201esprechen\u201c und ihr eigenes Leben leben. Verachtung der Naturgesetze, Zauber und Wunder auf der einen Seite, Eingriff in die Sicherheit und bew\u00e4hrten Erfahrungen auf der anderen Seite.<\/p><p><strong>Michaela Spru\u017einov\u00e1<\/strong><br \/>Michaela Spru\u017einov\u00e1 (1983) has studied department of Glass and Curatorial studies on Faculty of art and Design in \u00dast\u00ed nad Labem and she\u2019s an assistant in department of Glass Design on University Tom\u00e1\u0161 Ba\u0165a in Zl\u00edn. Her works are connecting art and design. She use contemporary language and includes all artistic methods. Her main goals are site-specific installations and body art.\u00a0<\/p>\t\t\t\t\t\t\t\t<\/div>\n\t\t\t\t<\/div>\n\t\t\t\t<\/div>\n\t\t<div class=\"elementor-element elementor-element-76fc320 e-con-full e-flex e-con e-child\" data-id=\"76fc320\" data-element_type=\"container\" data-e-type=\"container\">\n\t\t\t\t<div class=\"elementor-element elementor-element-48fc3b0 elementor-widget elementor-widget-text-editor\" data-id=\"48fc3b0\" data-element_type=\"widget\" data-e-type=\"widget\" data-widget_type=\"text-editor.default\">\n\t\t\t\t<div class=\"elementor-widget-container\">\n\t\t\t\t\t\t\t\t\t<p><strong>\u010cZ<\/strong><\/p><p>V\u00fdstava p\u0159edstavuje 3 um\u011blkyn\u011b p\u016fsob\u00edc\u00ed v \u00dast\u00ed nad Labem. T\u00e9maticky se v\u011bnuje zkoum\u00e1n\u00ed sebe sama, okol\u00ed a pam\u011bti. D\u00edla zkoumaj\u00ed soukromou orientaci a identitu v bl\u00edzk\u00e9m sv\u011bt\u011b.\u00a0<\/p><p><strong>Michaela Hrabov\u00e1<\/strong><br \/>S\u00e9rie vide\u00ed je zamy\u0161len\u00edm nad \u017eivoty lid\u00ed, kter\u00e9 ka\u017edodenn\u011b m\u00edj\u00edme bez pov\u0161imnut\u00ed. Lid\u00ed, kte\u0159\u00ed \u017eij\u00ed stejn\u011b (ne)d\u016fle\u017eit\u00e9 \u017eivoty jako my sami, tr\u00e1v\u00ed \u010das podobn\u011b jako my a vykon\u00e1vaj\u00ed stejn\u00e9 \u010dinnosti. Zam\u011b\u0159ila jsem se na ban\u00e1ln\u00ed lidsk\u00e9 po\u010d\u00edn\u00e1n\u00ed, kter\u00e9mu nev\u011bnujeme pozornost, i kdy\u017e sled t\u011bchto \u010dinnost\u00ed zab\u00edra ve v\u00fdslednu v\u011bt\u0161inu na\u0161eho \u017eivota. Videa reflektuj\u00ed mou zv\u011bdavost a (marnou) snahu nahl\u00e9dnout do \u017eivot\u016f kolemjdouc\u00edch a mo\u017en\u00e1 i na chv\u00edli zapomenout na vlastn\u00ed \u017eivot a vyzkou\u0161et n\u011bjak\u00fd jin\u00fd.\u00a0Pokou\u0161\u00edm se o to studiem toho jedin\u00e9ho, co o nich v\u00edm, toho, co vid\u00edm, \u017ee d\u011blaj\u00ed b\u011bhem okam\u017eiku na\u0161eho st\u0159etu. Tento okam\u017eik tedy zaznamen\u00e1m, do detailu nastuduji a sebe samu pak obsad\u00edm do role na m\u00edsto onoho \u010dlov\u011bka. V pr\u016fb\u011bhu performance se sna\u017e\u00edm dodr\u017eet autenticitu p\u016fvodn\u00ed atmosf\u00e9ry a v\u017e\u00edt se do role bez zat\u00ed\u017een\u00ed vlastn\u00edmi my\u0161lenkami.\u00a0Touto s\u00e9ri\u00ed \u010d\u00e1ste\u010dn\u011b otev\u00edr\u00e1m i t\u00e9ma paraleln\u00edch sv\u011bt\u016f. Synchronizace obou z\u00e1znam\u016f navozuje zamy\u0161len\u00ed o tom, kolik lid\u00ed na sv\u011bt\u011b ve stejnou chv\u00edli prov\u00e1d\u00ed toto\u017enou \u010dinnost a jak jsme si v\u0161ichni vlastn\u011b podobn\u00ed.\u00a0Po\u010din vn\u00edm\u00e1m jako za\u010d\u00e1tek dlouhodob\u00e9ho procesu zkoum\u00e1n\u00ed \u017eivota ostatn\u00edch lid\u00ed, kte\u0159\u00ed odjak\u017eiva p\u0159itahovali moji pozornost.<\/p><p><strong>Petra Sklen\u00e1\u0159ov\u00e1<\/strong><br \/>Petra Sklen\u00e1\u0159ov\u00e1 je studentkou ateli\u00e9ru Digit\u00e1ln\u00ed m\u00e9dia v \u00dast\u00ed nad Labem. Jej\u00ed instalace a videa p\u0159edstavuj\u00ed p\u0159ev\u00e1\u017en\u011b surrealistick\u00e9 situace, paradox, absurdn\u00ed ironickou hru, kdy odkr\u00fdv\u00e1 touhu experimentovat s charakterem oby\u010dejn\u00fdch v\u011bc\u00ed, kter\u00e9 najednou &#8222;mluv\u00ed&#8220; a \u017eij\u00ed vlastn\u00edm \u017eivotem. Poko\u0159en\u00ed p\u0159\u00edrodn\u00edch z\u00e1kon\u016f, kouzlo, z\u00e1zrak a na druh\u00e9 stran\u011b z\u00e1sah do jistoty a ov\u011b\u0159en\u00e9 zku\u0161enosti.<\/p><p><strong><br \/>Michaela Spru\u017einov\u00e1<br \/><\/strong>Michaela Spru\u017einov\u00e1 (1983) je absolventkou ateli\u00e9ru Skla i Kur\u00e1torsk\u00fdch studi\u00ed na Fakult\u011b um\u011bn\u00ed a designu v \u00dast\u00ed nad Labem a v sou\u010dasn\u00e9 dob\u011b p\u016fsob\u00ed jako odborn\u00e1 asistentka v ateli\u00e9ru Design skla na Univerzit\u011b Tom\u00e1\u0161e Bati ve Zl\u00edn\u011b. Jej\u00ed tvorba prol\u00edn\u00e1 voln\u00e9 um\u011bn\u00ed a design. Zde vyu\u017e\u00edv\u00e1 konceptu\u00e1ln\u00ed p\u0159\u00edstupy, kter\u00e9 pracuj\u00ed se v\u0161emi vyjad\u0159ovac\u00edmi prost\u0159edky. Autorka se v posledn\u00edch letech zab\u00fdv\u00e1 site-specific instalacemi a body artem.<\/p><p>\u00a0<\/p><div id=\"simple-translate\" class=\"simple-translate-system-theme\"><div><div class=\"simple-translate-button isShow\" style=\"background-image: url('moz-extension:\/\/8505295a-c7a8-47aa-a264-5718d74a7935\/icons\/512.png'); height: 22px; width: 22px; top: 203px; left: 169px;\">\u00a0<\/div><div class=\"simple-translate-panel \" style=\"width: 300px; height: 200px; top: 0px; left: 0px; font-size: 13px;\"><div class=\"simple-translate-result-wrapper\" style=\"overflow: hidden;\"><div class=\"simple-translate-move\" draggable=\"true\">\u00a0<\/div><div class=\"simple-translate-result-contents\"><p class=\"simple-translate-result\" dir=\"auto\">\u00a0<\/p><p class=\"simple-translate-candidate\" dir=\"auto\">\u00a0<\/p><\/div><\/div><\/div><\/div><\/div>\t\t\t\t\t\t\t\t<\/div>\n\t\t\t\t<\/div>\n\t\t\t\t<\/div>\n\t\t\t\t\t<\/div>\n\t\t\t\t<\/div>\n\t\t<div class=\"elementor-element elementor-element-61fc9e8 e-flex e-con-boxed e-con e-parent\" data-id=\"61fc9e8\" data-element_type=\"container\" data-e-type=\"container\">\n\t\t\t\t\t<div class=\"e-con-inner\">\n\t\t\t\t<div class=\"elementor-element elementor-element-f46ffcb elementor-widget elementor-widget-image\" data-id=\"f46ffcb\" data-element_type=\"widget\" data-e-type=\"widget\" data-widget_type=\"image.default\">\n\t\t\t\t<div class=\"elementor-widget-container\">\n\t\t\t\t\t\t\t\t\t\t\t\t\t\t\t<img fetchpriority=\"high\" decoding=\"async\" width=\"768\" height=\"511\" src=\"https:\/\/parablau.com\/galerie\/wp-content\/uploads\/2024\/08\/Motiv-Augustpostkarte-768x511.jpg\" class=\"attachment-medium_large size-medium_large wp-image-12284\" alt=\"\" srcset=\"https:\/\/parablau.com\/galerie\/wp-content\/uploads\/2024\/08\/Motiv-Augustpostkarte-768x511.jpg 768w, https:\/\/parablau.com\/galerie\/wp-content\/uploads\/2024\/08\/Motiv-Augustpostkarte-300x200.jpg 300w, https:\/\/parablau.com\/galerie\/wp-content\/uploads\/2024\/08\/Motiv-Augustpostkarte-600x399.jpg 600w, https:\/\/parablau.com\/galerie\/wp-content\/uploads\/2024\/08\/Motiv-Augustpostkarte.jpg 960w\" sizes=\"(max-width: 768px) 100vw, 768px\" \/>\t\t\t\t\t\t\t\t\t\t\t\t\t\t\t<\/div>\n\t\t\t\t<\/div>\n\t\t\t\t\t<\/div>\n\t\t\t\t<\/div>\n\t\t\t\t<\/div>\n\t\t","protected":false},"excerpt":{"rendered":"<p>Die Ausstellung pr\u00e4sentiert 3 K\u00fcnstler aus \u00dasti nad Labem. Das Thema ist das Erkunden des eigenen Ichs, Umwelt und Erinnerung. Die Kunst erforscht Selbstorientierung und Identit\u00e4t in einer nur scheinbar vertrauten Welt.<\/p>\n","protected":false},"author":1,"featured_media":12284,"comment_status":"closed","ping_status":"closed","sticky":false,"template":"","format":"standard","meta":{"_tbt_post_transparent":"","_tbt_post_title":"","_tbt_post_layout":"","_tbt_post_sidebar_id":"","_tbt_post_content_style":"","_tbt_post_vertical_padding":"","_tbt_post_feature":"","_tbt_post_feature_position":"","_tbt_post_header":false,"_tbt_post_footer":false,"_jetpack_memberships_contains_paid_content":false},"categories":[78],"tags":[],"class_list":["post-12282","post","type-post","status-publish","format-standard","has-post-thumbnail","hentry","category-78"],"yoast_head":"<!-- This site is optimized with the Yoast SEO plugin v27.5 - https:\/\/yoast.com\/product\/yoast-seo-wordpress\/ -->\n<title>DIE LINIE DER IDENTIT\u00c4T - parablau<\/title>\n<meta name=\"robots\" content=\"index, follow, max-snippet:-1, max-image-preview:large, max-video-preview:-1\" \/>\n<link rel=\"canonical\" href=\"https:\/\/parablau.com\/galerie\/2014\/08\/01\/die-linie-der-identitat\/\" \/>\n<meta property=\"og:locale\" content=\"de_DE\" \/>\n<meta property=\"og:type\" content=\"article\" \/>\n<meta property=\"og:title\" content=\"DIE LINIE DER IDENTIT\u00c4T - parablau\" \/>\n<meta property=\"og:description\" content=\"Die Ausstellung pr\u00e4sentiert 3 K\u00fcnstler aus \u00dasti nad Labem. Das Thema ist das Erkunden des eigenen Ichs, Umwelt und Erinnerung. Die Kunst erforscht Selbstorientierung und Identit\u00e4t in einer nur scheinbar vertrauten Welt.\" \/>\n<meta property=\"og:url\" content=\"https:\/\/parablau.com\/galerie\/2014\/08\/01\/die-linie-der-identitat\/\" \/>\n<meta property=\"og:site_name\" content=\"parablau\" \/>\n<meta property=\"article:published_time\" content=\"2014-08-01T11:04:17+00:00\" \/>\n<meta property=\"article:modified_time\" content=\"2024-08-11T11:14:06+00:00\" \/>\n<meta property=\"og:image\" content=\"https:\/\/parablau.com\/galerie\/wp-content\/uploads\/2024\/08\/Motiv-Augustpostkarte.jpg\" \/>\n\t<meta property=\"og:image:width\" content=\"960\" \/>\n\t<meta property=\"og:image:height\" content=\"639\" \/>\n\t<meta property=\"og:image:type\" content=\"image\/jpeg\" \/>\n<meta name=\"author\" content=\"kuratorin\" \/>\n<meta name=\"twitter:card\" content=\"summary_large_image\" \/>\n<meta name=\"twitter:label1\" content=\"Verfasst von\" \/>\n\t<meta name=\"twitter:data1\" content=\"kuratorin\" \/>\n\t<meta name=\"twitter:label2\" content=\"Gesch\u00e4tzte Lesezeit\" \/>\n\t<meta name=\"twitter:data2\" content=\"6\u00a0Minuten\" \/>\n<script type=\"application\/ld+json\" class=\"yoast-schema-graph\">{\"@context\":\"https:\\\/\\\/schema.org\",\"@graph\":[{\"@type\":\"Article\",\"@id\":\"https:\\\/\\\/parablau.com\\\/galerie\\\/2014\\\/08\\\/01\\\/die-linie-der-identitat\\\/#article\",\"isPartOf\":{\"@id\":\"https:\\\/\\\/parablau.com\\\/galerie\\\/2014\\\/08\\\/01\\\/die-linie-der-identitat\\\/\"},\"author\":{\"name\":\"kuratorin\",\"@id\":\"https:\\\/\\\/parablau.com\\\/galerie\\\/#\\\/schema\\\/person\\\/de57857d13ad8a61aa7ca445ea36e128\"},\"headline\":\"DIE LINIE DER IDENTIT\u00c4T\",\"datePublished\":\"2014-08-01T11:04:17+00:00\",\"dateModified\":\"2024-08-11T11:14:06+00:00\",\"mainEntityOfPage\":{\"@id\":\"https:\\\/\\\/parablau.com\\\/galerie\\\/2014\\\/08\\\/01\\\/die-linie-der-identitat\\\/\"},\"wordCount\":1186,\"publisher\":{\"@id\":\"https:\\\/\\\/parablau.com\\\/galerie\\\/#organization\"},\"image\":{\"@id\":\"https:\\\/\\\/parablau.com\\\/galerie\\\/2014\\\/08\\\/01\\\/die-linie-der-identitat\\\/#primaryimage\"},\"thumbnailUrl\":\"https:\\\/\\\/parablau.com\\\/galerie\\\/wp-content\\\/uploads\\\/2024\\\/08\\\/Motiv-Augustpostkarte.jpg\",\"articleSection\":[\"2014\"],\"inLanguage\":\"de\"},{\"@type\":\"WebPage\",\"@id\":\"https:\\\/\\\/parablau.com\\\/galerie\\\/2014\\\/08\\\/01\\\/die-linie-der-identitat\\\/\",\"url\":\"https:\\\/\\\/parablau.com\\\/galerie\\\/2014\\\/08\\\/01\\\/die-linie-der-identitat\\\/\",\"name\":\"DIE LINIE DER IDENTIT\u00c4T - parablau\",\"isPartOf\":{\"@id\":\"https:\\\/\\\/parablau.com\\\/galerie\\\/#website\"},\"primaryImageOfPage\":{\"@id\":\"https:\\\/\\\/parablau.com\\\/galerie\\\/2014\\\/08\\\/01\\\/die-linie-der-identitat\\\/#primaryimage\"},\"image\":{\"@id\":\"https:\\\/\\\/parablau.com\\\/galerie\\\/2014\\\/08\\\/01\\\/die-linie-der-identitat\\\/#primaryimage\"},\"thumbnailUrl\":\"https:\\\/\\\/parablau.com\\\/galerie\\\/wp-content\\\/uploads\\\/2024\\\/08\\\/Motiv-Augustpostkarte.jpg\",\"datePublished\":\"2014-08-01T11:04:17+00:00\",\"dateModified\":\"2024-08-11T11:14:06+00:00\",\"breadcrumb\":{\"@id\":\"https:\\\/\\\/parablau.com\\\/galerie\\\/2014\\\/08\\\/01\\\/die-linie-der-identitat\\\/#breadcrumb\"},\"inLanguage\":\"de\",\"potentialAction\":[{\"@type\":\"ReadAction\",\"target\":[\"https:\\\/\\\/parablau.com\\\/galerie\\\/2014\\\/08\\\/01\\\/die-linie-der-identitat\\\/\"]}]},{\"@type\":\"ImageObject\",\"inLanguage\":\"de\",\"@id\":\"https:\\\/\\\/parablau.com\\\/galerie\\\/2014\\\/08\\\/01\\\/die-linie-der-identitat\\\/#primaryimage\",\"url\":\"https:\\\/\\\/parablau.com\\\/galerie\\\/wp-content\\\/uploads\\\/2024\\\/08\\\/Motiv-Augustpostkarte.jpg\",\"contentUrl\":\"https:\\\/\\\/parablau.com\\\/galerie\\\/wp-content\\\/uploads\\\/2024\\\/08\\\/Motiv-Augustpostkarte.jpg\",\"width\":960,\"height\":639},{\"@type\":\"BreadcrumbList\",\"@id\":\"https:\\\/\\\/parablau.com\\\/galerie\\\/2014\\\/08\\\/01\\\/die-linie-der-identitat\\\/#breadcrumb\",\"itemListElement\":[{\"@type\":\"ListItem\",\"position\":1,\"name\":\"Startseite\",\"item\":\"https:\\\/\\\/parablau.com\\\/galerie\\\/\"},{\"@type\":\"ListItem\",\"position\":2,\"name\":\"DIE LINIE DER IDENTIT\u00c4T\"}]},{\"@type\":\"WebSite\",\"@id\":\"https:\\\/\\\/parablau.com\\\/galerie\\\/#website\",\"url\":\"https:\\\/\\\/parablau.com\\\/galerie\\\/\",\"name\":\"parablau\",\"description\":\"Galerie und Kunstprojekte in der Blauen Fabrik Dresden\",\"publisher\":{\"@id\":\"https:\\\/\\\/parablau.com\\\/galerie\\\/#organization\"},\"potentialAction\":[{\"@type\":\"SearchAction\",\"target\":{\"@type\":\"EntryPoint\",\"urlTemplate\":\"https:\\\/\\\/parablau.com\\\/galerie\\\/?s={search_term_string}\"},\"query-input\":{\"@type\":\"PropertyValueSpecification\",\"valueRequired\":true,\"valueName\":\"search_term_string\"}}],\"inLanguage\":\"de\"},{\"@type\":\"Organization\",\"@id\":\"https:\\\/\\\/parablau.com\\\/galerie\\\/#organization\",\"name\":\"parablau\",\"url\":\"https:\\\/\\\/parablau.com\\\/galerie\\\/\",\"logo\":{\"@type\":\"ImageObject\",\"inLanguage\":\"de\",\"@id\":\"https:\\\/\\\/parablau.com\\\/galerie\\\/#\\\/schema\\\/logo\\\/image\\\/\",\"url\":\"https:\\\/\\\/parablau.com\\\/galerie\\\/wp-content\\\/uploads\\\/2023\\\/11\\\/cropped-parablau-logo-kiwi-picasso-2-2a5f6e-1.png\",\"contentUrl\":\"https:\\\/\\\/parablau.com\\\/galerie\\\/wp-content\\\/uploads\\\/2023\\\/11\\\/cropped-parablau-logo-kiwi-picasso-2-2a5f6e-1.png\",\"width\":3467,\"height\":4275,\"caption\":\"parablau\"},\"image\":{\"@id\":\"https:\\\/\\\/parablau.com\\\/galerie\\\/#\\\/schema\\\/logo\\\/image\\\/\"}},{\"@type\":\"Person\",\"@id\":\"https:\\\/\\\/parablau.com\\\/galerie\\\/#\\\/schema\\\/person\\\/de57857d13ad8a61aa7ca445ea36e128\",\"name\":\"kuratorin\",\"image\":{\"@type\":\"ImageObject\",\"inLanguage\":\"de\",\"@id\":\"https:\\\/\\\/secure.gravatar.com\\\/avatar\\\/dfcf008e44889dadf03d6380428e38d3d334db117a42c4c6de7e248b56b97a6f?s=96&d=mm&r=g\",\"url\":\"https:\\\/\\\/secure.gravatar.com\\\/avatar\\\/dfcf008e44889dadf03d6380428e38d3d334db117a42c4c6de7e248b56b97a6f?s=96&d=mm&r=g\",\"contentUrl\":\"https:\\\/\\\/secure.gravatar.com\\\/avatar\\\/dfcf008e44889dadf03d6380428e38d3d334db117a42c4c6de7e248b56b97a6f?s=96&d=mm&r=g\",\"caption\":\"kuratorin\"},\"sameAs\":[\"https:\\\/\\\/parablau.com\\\/galerie\"],\"url\":\"https:\\\/\\\/parablau.com\\\/galerie\\\/author\\\/kuratorin\\\/\"}]}<\/script>\n<!-- \/ Yoast SEO plugin. -->","yoast_head_json":{"title":"DIE LINIE DER IDENTIT\u00c4T - parablau","robots":{"index":"index","follow":"follow","max-snippet":"max-snippet:-1","max-image-preview":"max-image-preview:large","max-video-preview":"max-video-preview:-1"},"canonical":"https:\/\/parablau.com\/galerie\/2014\/08\/01\/die-linie-der-identitat\/","og_locale":"de_DE","og_type":"article","og_title":"DIE LINIE DER IDENTIT\u00c4T - parablau","og_description":"Die Ausstellung pr\u00e4sentiert 3 K\u00fcnstler aus \u00dasti nad Labem. Das Thema ist das Erkunden des eigenen Ichs, Umwelt und Erinnerung. Die Kunst erforscht Selbstorientierung und Identit\u00e4t in einer nur scheinbar vertrauten Welt.","og_url":"https:\/\/parablau.com\/galerie\/2014\/08\/01\/die-linie-der-identitat\/","og_site_name":"parablau","article_published_time":"2014-08-01T11:04:17+00:00","article_modified_time":"2024-08-11T11:14:06+00:00","og_image":[{"width":960,"height":639,"url":"https:\/\/parablau.com\/galerie\/wp-content\/uploads\/2024\/08\/Motiv-Augustpostkarte.jpg","type":"image\/jpeg"}],"author":"kuratorin","twitter_card":"summary_large_image","twitter_misc":{"Verfasst von":"kuratorin","Gesch\u00e4tzte Lesezeit":"6\u00a0Minuten"},"schema":{"@context":"https:\/\/schema.org","@graph":[{"@type":"Article","@id":"https:\/\/parablau.com\/galerie\/2014\/08\/01\/die-linie-der-identitat\/#article","isPartOf":{"@id":"https:\/\/parablau.com\/galerie\/2014\/08\/01\/die-linie-der-identitat\/"},"author":{"name":"kuratorin","@id":"https:\/\/parablau.com\/galerie\/#\/schema\/person\/de57857d13ad8a61aa7ca445ea36e128"},"headline":"DIE LINIE DER IDENTIT\u00c4T","datePublished":"2014-08-01T11:04:17+00:00","dateModified":"2024-08-11T11:14:06+00:00","mainEntityOfPage":{"@id":"https:\/\/parablau.com\/galerie\/2014\/08\/01\/die-linie-der-identitat\/"},"wordCount":1186,"publisher":{"@id":"https:\/\/parablau.com\/galerie\/#organization"},"image":{"@id":"https:\/\/parablau.com\/galerie\/2014\/08\/01\/die-linie-der-identitat\/#primaryimage"},"thumbnailUrl":"https:\/\/parablau.com\/galerie\/wp-content\/uploads\/2024\/08\/Motiv-Augustpostkarte.jpg","articleSection":["2014"],"inLanguage":"de"},{"@type":"WebPage","@id":"https:\/\/parablau.com\/galerie\/2014\/08\/01\/die-linie-der-identitat\/","url":"https:\/\/parablau.com\/galerie\/2014\/08\/01\/die-linie-der-identitat\/","name":"DIE LINIE DER IDENTIT\u00c4T - parablau","isPartOf":{"@id":"https:\/\/parablau.com\/galerie\/#website"},"primaryImageOfPage":{"@id":"https:\/\/parablau.com\/galerie\/2014\/08\/01\/die-linie-der-identitat\/#primaryimage"},"image":{"@id":"https:\/\/parablau.com\/galerie\/2014\/08\/01\/die-linie-der-identitat\/#primaryimage"},"thumbnailUrl":"https:\/\/parablau.com\/galerie\/wp-content\/uploads\/2024\/08\/Motiv-Augustpostkarte.jpg","datePublished":"2014-08-01T11:04:17+00:00","dateModified":"2024-08-11T11:14:06+00:00","breadcrumb":{"@id":"https:\/\/parablau.com\/galerie\/2014\/08\/01\/die-linie-der-identitat\/#breadcrumb"},"inLanguage":"de","potentialAction":[{"@type":"ReadAction","target":["https:\/\/parablau.com\/galerie\/2014\/08\/01\/die-linie-der-identitat\/"]}]},{"@type":"ImageObject","inLanguage":"de","@id":"https:\/\/parablau.com\/galerie\/2014\/08\/01\/die-linie-der-identitat\/#primaryimage","url":"https:\/\/parablau.com\/galerie\/wp-content\/uploads\/2024\/08\/Motiv-Augustpostkarte.jpg","contentUrl":"https:\/\/parablau.com\/galerie\/wp-content\/uploads\/2024\/08\/Motiv-Augustpostkarte.jpg","width":960,"height":639},{"@type":"BreadcrumbList","@id":"https:\/\/parablau.com\/galerie\/2014\/08\/01\/die-linie-der-identitat\/#breadcrumb","itemListElement":[{"@type":"ListItem","position":1,"name":"Startseite","item":"https:\/\/parablau.com\/galerie\/"},{"@type":"ListItem","position":2,"name":"DIE LINIE DER IDENTIT\u00c4T"}]},{"@type":"WebSite","@id":"https:\/\/parablau.com\/galerie\/#website","url":"https:\/\/parablau.com\/galerie\/","name":"parablau","description":"Galerie und Kunstprojekte in der Blauen Fabrik Dresden","publisher":{"@id":"https:\/\/parablau.com\/galerie\/#organization"},"potentialAction":[{"@type":"SearchAction","target":{"@type":"EntryPoint","urlTemplate":"https:\/\/parablau.com\/galerie\/?s={search_term_string}"},"query-input":{"@type":"PropertyValueSpecification","valueRequired":true,"valueName":"search_term_string"}}],"inLanguage":"de"},{"@type":"Organization","@id":"https:\/\/parablau.com\/galerie\/#organization","name":"parablau","url":"https:\/\/parablau.com\/galerie\/","logo":{"@type":"ImageObject","inLanguage":"de","@id":"https:\/\/parablau.com\/galerie\/#\/schema\/logo\/image\/","url":"https:\/\/parablau.com\/galerie\/wp-content\/uploads\/2023\/11\/cropped-parablau-logo-kiwi-picasso-2-2a5f6e-1.png","contentUrl":"https:\/\/parablau.com\/galerie\/wp-content\/uploads\/2023\/11\/cropped-parablau-logo-kiwi-picasso-2-2a5f6e-1.png","width":3467,"height":4275,"caption":"parablau"},"image":{"@id":"https:\/\/parablau.com\/galerie\/#\/schema\/logo\/image\/"}},{"@type":"Person","@id":"https:\/\/parablau.com\/galerie\/#\/schema\/person\/de57857d13ad8a61aa7ca445ea36e128","name":"kuratorin","image":{"@type":"ImageObject","inLanguage":"de","@id":"https:\/\/secure.gravatar.com\/avatar\/dfcf008e44889dadf03d6380428e38d3d334db117a42c4c6de7e248b56b97a6f?s=96&d=mm&r=g","url":"https:\/\/secure.gravatar.com\/avatar\/dfcf008e44889dadf03d6380428e38d3d334db117a42c4c6de7e248b56b97a6f?s=96&d=mm&r=g","contentUrl":"https:\/\/secure.gravatar.com\/avatar\/dfcf008e44889dadf03d6380428e38d3d334db117a42c4c6de7e248b56b97a6f?s=96&d=mm&r=g","caption":"kuratorin"},"sameAs":["https:\/\/parablau.com\/galerie"],"url":"https:\/\/parablau.com\/galerie\/author\/kuratorin\/"}]}},"jetpack_featured_media_url":"https:\/\/parablau.com\/galerie\/wp-content\/uploads\/2024\/08\/Motiv-Augustpostkarte.jpg","jetpack_sharing_enabled":true,"_links":{"self":[{"href":"https:\/\/parablau.com\/galerie\/wp-json\/wp\/v2\/posts\/12282","targetHints":{"allow":["GET"]}}],"collection":[{"href":"https:\/\/parablau.com\/galerie\/wp-json\/wp\/v2\/posts"}],"about":[{"href":"https:\/\/parablau.com\/galerie\/wp-json\/wp\/v2\/types\/post"}],"author":[{"embeddable":true,"href":"https:\/\/parablau.com\/galerie\/wp-json\/wp\/v2\/users\/1"}],"replies":[{"embeddable":true,"href":"https:\/\/parablau.com\/galerie\/wp-json\/wp\/v2\/comments?post=12282"}],"version-history":[{"count":4,"href":"https:\/\/parablau.com\/galerie\/wp-json\/wp\/v2\/posts\/12282\/revisions"}],"predecessor-version":[{"id":12287,"href":"https:\/\/parablau.com\/galerie\/wp-json\/wp\/v2\/posts\/12282\/revisions\/12287"}],"wp:featuredmedia":[{"embeddable":true,"href":"https:\/\/parablau.com\/galerie\/wp-json\/wp\/v2\/media\/12284"}],"wp:attachment":[{"href":"https:\/\/parablau.com\/galerie\/wp-json\/wp\/v2\/media?parent=12282"}],"wp:term":[{"taxonomy":"category","embeddable":true,"href":"https:\/\/parablau.com\/galerie\/wp-json\/wp\/v2\/categories?post=12282"},{"taxonomy":"post_tag","embeddable":true,"href":"https:\/\/parablau.com\/galerie\/wp-json\/wp\/v2\/tags?post=12282"}],"curies":[{"name":"wp","href":"https:\/\/api.w.org\/{rel}","templated":true}]}}