{"id":12269,"date":"2014-07-01T12:48:00","date_gmt":"2014-07-01T10:48:00","guid":{"rendered":"https:\/\/parablau.com\/galerie\/?p=12269"},"modified":"2024-09-26T12:16:56","modified_gmt":"2024-09-26T10:16:56","slug":"cadere-heike-yvonne-pesch","status":"publish","type":"post","link":"https:\/\/parablau.com\/galerie\/2014\/07\/01\/cadere-heike-yvonne-pesch\/","title":{"rendered":"CADERE &#8211; Heike Yvonne Pesch"},"content":{"rendered":"\t\t<div data-elementor-type=\"wp-post\" data-elementor-id=\"12269\" class=\"elementor elementor-12269\">\n\t\t\t\t<div class=\"elementor-element elementor-element-2b8ff64 e-flex e-con-boxed e-con e-parent\" data-id=\"2b8ff64\" data-element_type=\"container\" data-e-type=\"container\">\n\t\t\t\t\t<div class=\"e-con-inner\">\n\t\t\t\t<div class=\"elementor-element elementor-element-18b562ac elementor-widget elementor-widget-text-editor\" data-id=\"18b562ac\" data-element_type=\"widget\" data-e-type=\"widget\" data-widget_type=\"text-editor.default\">\n\t\t\t\t<div class=\"elementor-widget-container\">\n\t\t\t\t\t\t\t\t\t<p><strong>JULI\/AUGUST 2014<\/strong><\/p><p><strong>&#8222;cadere&#8220; &#8211; Fotografien &amp; photoshop-arts von Heike Yvonne Pesch alias daSinci<\/strong><\/p><p><strong>4. bis 31.Juli in DRESDEN in der Blauen Fabrik.<\/strong>\u00a0Vernissage am 4.7.2014 um 20 Uhr.<br \/><strong>6. bis 31. August in \u00d9sti im &#8222;Bunka&#8220;. <\/strong>Vernissage am 6.8.2014 um 20 Uhr.<\/p><p><strong>\u201ecadere\u201c<\/strong> &#8211; Das Wort \u201ecadere\u201c ist Latein und wird mit sinken, st\u00fcrzen, herabfallen, treffen, abfallen, auslaufen, sterben, unterliegen, opfern, enden, herunterfallen und widerfahren \u00fcbersetzt. Zu diesen Verben werden Fotografien der K\u00fcnstlerin ausgestellt. Alle Motive wurden in Dresden und Umgebung aufgenommen und teilweise entfremdet oder digital \u00fcberarbeitet. Bei den Fotoaufnahmen wurde bewusst auf das Motiv Mensch verzichtet um zu sehen ob sich diese Verben ohne die Mimiken, Gestiken und Bewegungen des Menschen ausdr\u00fccken lassen.<\/p><p><strong>Zur K\u00fcnstlerin:<\/strong> Heike Yvonne Pesch alias daSinci stammt aus D\u00fcren in NRW und besch\u00e4ftigt sich seit ihrer Schulzeit mit bildender Kunst. Sie hat eine Ausbildung in den Bereichen Architektur, Innenarchitektur und M\u00f6beldesign absolviert und arbeitet als Grafikerin in ihrer eigenen Werbeagentur. Zur Fotografie fand sie 2005, inspiriert von der Dresdner Heide in ihrer neuen Wahlheimat Dresden. Seitdem ist die Spiegelreflexkamera ihr steter Begleiter. Ihre Werke bieten ein Spektrum von klassischen und modernen Elementen.Je nach Laune werden Pinsel geschwungen, Ton bearbeitet, die Photoshop-M\u00f6glichkeiten ausgereizt oder es wird einfach mit der Kamera auf Expedition gegangen. Einige der Fotografien dienen unter anderem als Basis f\u00fcr die Photoshop Werke.<\/p><p><strong><a href=\"http:\/\/dasinci.com\" target=\"_blank\" rel=\"noopener\">http:\/\/dasinci.com<\/a><\/strong><\/p><p><strong>Ausstellungen:<\/strong><\/p><p>1999 &#8222;EuropAktiv&#8220;<br \/>Schloss Burgau D\u00fcren<br \/>&#8222;Das Leben war ein Fest, ist ein Fest?&#8220;<br \/>Klanginstallation, Plastiken, \u00d6lkreidemalereien<br \/>Mitsch\u00fclerinnen und H.Y.Pesch unter Leitung von Frau \u00a0\u00a0 Schr\u00f6tter<\/p><p><strong>2009 &#8222;schwarz+wei\u00df=bunt&#8220;<\/strong><\/p><ul><li>Pantheon Bonn<\/li><li>Vernissage im Rahmen einer DeMo-Party<\/li><li>Photoshop-Art auf Fotopapier<\/li><li>UV-Laminierung, Cappa<\/li><li>daSinci &#8211; H.Y.Pesch<\/li><\/ul><p><strong>2009 &#8222;schwarz+wei\u00df=bunt&#8220;<\/strong><\/p><ul><li>Festspielhaus Hellerau<\/li><li>Dauerausstellung<\/li><li>Photoshop-Art auf Fotopapier<\/li><li>UV-Laminierung, Cappa<\/li><li>daSinci &#8211; H.Y.Pesch<\/li><\/ul><p><strong>Okt 2011 &#8211; Juni 2012 &#8222;schwarz+wei\u00df=bunt&#8220;<\/strong><\/p><ul><li>M\u00f6belhaus Fr\u00f6hlich, Karsdorf<\/li><li>Dauerausstellung \u00fcberarbeiteter Werke<\/li><li>Photoshop-Art auf Fotopapier<\/li><li>UV-Laminierung, Cappa, Birkoplex<\/li><li>daSinci &#8211; H.Y.Pesch<\/li><\/ul>\t\t\t\t\t\t\t\t<\/div>\n\t\t\t\t<\/div>\n\t\t\t\t\t<\/div>\n\t\t\t\t<\/div>\n\t\t<div class=\"elementor-element elementor-element-431beba e-flex e-con-boxed e-con e-parent\" data-id=\"431beba\" data-element_type=\"container\" data-e-type=\"container\">\n\t\t\t\t\t<div class=\"e-con-inner\">\n\t\t\t\t<div class=\"elementor-element elementor-element-c3092da elementor-widget elementor-widget-spacer\" data-id=\"c3092da\" data-element_type=\"widget\" data-e-type=\"widget\" data-widget_type=\"spacer.default\">\n\t\t\t\t<div class=\"elementor-widget-container\">\n\t\t\t\t\t\t\t<div class=\"elementor-spacer\">\n\t\t\t<div class=\"elementor-spacer-inner\"><\/div>\n\t\t<\/div>\n\t\t\t\t\t\t<\/div>\n\t\t\t\t<\/div>\n\t\t\t\t\t<\/div>\n\t\t\t\t<\/div>\n\t\t<div class=\"elementor-element elementor-element-c87af73 e-flex e-con-boxed e-con e-parent\" data-id=\"c87af73\" data-element_type=\"container\" data-e-type=\"container\">\n\t\t\t\t\t<div class=\"e-con-inner\">\n\t\t<div class=\"elementor-element elementor-element-4868409 e-con-full e-flex e-con e-child\" data-id=\"4868409\" data-element_type=\"container\" data-e-type=\"container\">\n\t\t\t\t<div class=\"elementor-element elementor-element-cc270eb elementor-widget elementor-widget-text-editor\" data-id=\"cc270eb\" data-element_type=\"widget\" data-e-type=\"widget\" data-widget_type=\"text-editor.default\">\n\t\t\t\t<div class=\"elementor-widget-container\">\n\t\t\t\t\t\t\t\t\t<p><strong>EN<\/strong><\/p><p><strong>\u201ecadere\u201c<\/strong>\u00a0&#8211; The latin word \u201ecadere\u201c could be translated with \u00a0mit sink, rush, fall, strike, dropout, leak, to die, succumb, sacrifice, endi and to befall so. The photographys &#8222;describe&#8220; these verbs. All motives are made in and around Dresden, sometimes partly alienated or digital revised. The motive &#8222;human&#8220; is not used because the artist wants to know if these verbs can be expressed without human gestures, moves and facial expressions.<\/p><p><strong>Abour artist:<\/strong>\u00a0Heike Yvonne Pesch alias daSinci hails from D\u00fcren at &#8222;Nordrhine-Westfalia&#8220; and is enganged in fine arts since her time at school. She made education in architecture and design and works as designer in her own advertising agentur. She explores photography since 2005, inspired by beauty of &#8222;Dresdner Heide&#8220;. Since this time the SLR is her constant companion. Her works showing full spectrum of classical and modern elements of photography. According to mood she is painting, working with sounds, using photoshop or made expiditions with SLR into landscape. Some photographys are used as basics for photoshop-arts.<\/p><div id=\"simple-translate\" class=\"simple-translate-system-theme\"><div><div class=\"simple-translate-button isShow\" style=\"background-image: url('moz-extension:\/\/8505295a-c7a8-47aa-a264-5718d74a7935\/icons\/512.png'); height: 22px; width: 22px; top: 38px; left: 32px;\">\u00a0<\/div><div class=\"simple-translate-panel \" style=\"width: 300px; height: 200px; top: 0px; left: 0px; font-size: 13px;\"><div class=\"simple-translate-result-wrapper\" style=\"overflow: hidden;\"><div class=\"simple-translate-move\" draggable=\"true\">\u00a0<\/div><div class=\"simple-translate-result-contents\"><p class=\"simple-translate-result\" dir=\"auto\">\u00a0<\/p><p class=\"simple-translate-candidate\" dir=\"auto\">\u00a0<\/p><\/div><\/div><\/div><\/div><\/div>\t\t\t\t\t\t\t\t<\/div>\n\t\t\t\t<\/div>\n\t\t\t\t<\/div>\n\t\t<div class=\"elementor-element elementor-element-5600fd3 e-con-full e-flex e-con e-child\" data-id=\"5600fd3\" data-element_type=\"container\" data-e-type=\"container\">\n\t\t\t\t<div class=\"elementor-element elementor-element-48488b5 elementor-widget elementor-widget-text-editor\" data-id=\"48488b5\" data-element_type=\"widget\" data-e-type=\"widget\" data-widget_type=\"text-editor.default\">\n\t\t\t\t<div class=\"elementor-widget-container\">\n\t\t\t\t\t\t\t\t\t<p><strong>\u010cZ<\/strong><\/p><p><strong>\u201ecadere\u201c<\/strong> &#8211; slovo \u201ecadere\u201c je latinsk\u00e9 a znamen\u00e1 p\u00e1d, potopen\u00ed, odpadnut\u00ed, um\u00edr\u00e1n\u00ed, ob\u011btov\u00e1n\u00ed. K t\u011bmto slov\u016fm se v\u00e1\u017e\u00ed fotografie um\u011blkyn\u011b. V\u0161echny motivy byly vyfotografov\u00e1ny v Dr\u00e1\u017e\u010fanech a okol\u00ed a d\u00e1le &#8222;odcizeny&#8220; a digit\u00e1ln\u011b upraveny. Na motiv \u010dlov\u011bka bylo z\u00e1m\u011brn\u011b rezignov\u00e1no, aby bylo mo\u017en\u00e9 zjistit, jestli je mo\u017en\u00e9 tato slova vyj\u00e1d\u0159it bez mimiky, gestikulace, pohyb\u016f.<\/p><p>O um\u011blkyni: Heike Yvonne Pesch alias daSinci poch\u00e1z\u00ed z D\u00fcren z Por\u00fdn\u00ed-Vestf\u00e1lska a zab\u00fdv\u00e1 se ji\u017e od \u0161koln\u00edch let v\u00fdtvarn\u00fdm um\u011bn\u00edm. Vzd\u011bl\u00e1n\u00ed absolvovala v oborech architektura interi\u00e9ru, exteri\u00e9ru a design n\u00e1bytku a pracuje jako grafi\u010dka v reklamn\u00ed agentu\u0159e. Fotografii pro sebe objevila v roce 2005, inspirov\u00e1na sv\u00fdm nov\u00fdm domovem v Dresdner Heide. Od t\u00e9 doby je digit\u00e1ln\u00ed zrcadlovka jej\u00edm st\u00e1l\u00fdm pr\u016fvodcem. Jej\u00ed tvorba spojuje klasick\u00e9 i modern\u00ed prvky. Podle n\u00e1lady maluje \u0161t\u011btcem, upravuje zvuk, pracuje ve Photoshopu nebo se vyd\u00e1v\u00e1 na expedice se svou kamerou.<\/p>\t\t\t\t\t\t\t\t<\/div>\n\t\t\t\t<\/div>\n\t\t\t\t<\/div>\n\t\t\t\t\t<\/div>\n\t\t\t\t<\/div>\n\t\t<div class=\"elementor-element elementor-element-2d443e4 e-flex e-con-boxed e-con e-parent\" data-id=\"2d443e4\" data-element_type=\"container\" data-e-type=\"container\">\n\t\t\t\t\t<div class=\"e-con-inner\">\n\t\t\t\t<div class=\"elementor-element elementor-element-0e7f45c elementor-widget elementor-widget-spacer\" data-id=\"0e7f45c\" data-element_type=\"widget\" data-e-type=\"widget\" data-widget_type=\"spacer.default\">\n\t\t\t\t<div class=\"elementor-widget-container\">\n\t\t\t\t\t\t\t<div class=\"elementor-spacer\">\n\t\t\t<div class=\"elementor-spacer-inner\"><\/div>\n\t\t<\/div>\n\t\t\t\t\t\t<\/div>\n\t\t\t\t<\/div>\n\t\t\t\t\t<\/div>\n\t\t\t\t<\/div>\n\t\t<div class=\"elementor-element elementor-element-50c8eb9 e-flex e-con-boxed e-con e-parent\" data-id=\"50c8eb9\" data-element_type=\"container\" data-e-type=\"container\">\n\t\t\t\t\t<div class=\"e-con-inner\">\n\t\t\t\t<div class=\"elementor-element elementor-element-1279f0a elementor-arrows-position-inside elementor-pagination-position-outside elementor-widget elementor-widget-image-carousel\" data-id=\"1279f0a\" data-element_type=\"widget\" data-e-type=\"widget\" data-settings=\"{&quot;navigation&quot;:&quot;both&quot;,&quot;autoplay&quot;:&quot;yes&quot;,&quot;pause_on_hover&quot;:&quot;yes&quot;,&quot;pause_on_interaction&quot;:&quot;yes&quot;,&quot;autoplay_speed&quot;:5000,&quot;infinite&quot;:&quot;yes&quot;,&quot;speed&quot;:500}\" data-widget_type=\"image-carousel.default\">\n\t\t\t\t<div class=\"elementor-widget-container\">\n\t\t\t\t\t\t\t<div class=\"elementor-image-carousel-wrapper swiper\" role=\"region\" aria-roledescription=\"carousel\" aria-label=\"Bild Karussell\" dir=\"ltr\">\n\t\t\t<div class=\"elementor-image-carousel swiper-wrapper\" aria-live=\"off\">\n\t\t\t\t\t\t\t\t<div class=\"swiper-slide\" role=\"group\" aria-roledescription=\"slide\" aria-label=\"1 von 14\"><figure class=\"swiper-slide-inner\"><img decoding=\"async\" class=\"swiper-slide-image\" src=\"https:\/\/parablau.com\/galerie\/wp-content\/uploads\/2024\/09\/abfallen-300x201.jpg\" alt=\"abfallen\" \/><\/figure><\/div><div class=\"swiper-slide\" role=\"group\" aria-roledescription=\"slide\" aria-label=\"2 von 14\"><figure class=\"swiper-slide-inner\"><img decoding=\"async\" class=\"swiper-slide-image\" src=\"https:\/\/parablau.com\/galerie\/wp-content\/uploads\/2024\/09\/auslaufen-300x201.jpg\" alt=\"auslaufen\" \/><\/figure><\/div><div class=\"swiper-slide\" role=\"group\" aria-roledescription=\"slide\" aria-label=\"3 von 14\"><figure class=\"swiper-slide-inner\"><img decoding=\"async\" class=\"swiper-slide-image\" src=\"https:\/\/parablau.com\/galerie\/wp-content\/uploads\/2024\/09\/enden-300x200.jpg\" alt=\"enden\" \/><\/figure><\/div><div class=\"swiper-slide\" role=\"group\" aria-roledescription=\"slide\" aria-label=\"4 von 14\"><figure class=\"swiper-slide-inner\"><img decoding=\"async\" class=\"swiper-slide-image\" src=\"https:\/\/parablau.com\/galerie\/wp-content\/uploads\/2024\/09\/Heike_Yvonne_Pesch-300x262.jpg\" alt=\"Heike_Yvonne_Pesch\" \/><\/figure><\/div><div class=\"swiper-slide\" role=\"group\" aria-roledescription=\"slide\" aria-label=\"5 von 14\"><figure class=\"swiper-slide-inner\"><img decoding=\"async\" class=\"swiper-slide-image\" src=\"https:\/\/parablau.com\/galerie\/wp-content\/uploads\/2024\/09\/herabfallen1-300x201.jpg\" alt=\"herabfallen1\" \/><\/figure><\/div><div class=\"swiper-slide\" role=\"group\" aria-roledescription=\"slide\" aria-label=\"6 von 14\"><figure class=\"swiper-slide-inner\"><img decoding=\"async\" class=\"swiper-slide-image\" src=\"https:\/\/parablau.com\/galerie\/wp-content\/uploads\/2024\/09\/herunterfallen-201x300.jpg\" alt=\"herunterfallen\" \/><\/figure><\/div><div class=\"swiper-slide\" role=\"group\" aria-roledescription=\"slide\" aria-label=\"7 von 14\"><figure class=\"swiper-slide-inner\"><img decoding=\"async\" class=\"swiper-slide-image\" src=\"https:\/\/parablau.com\/galerie\/wp-content\/uploads\/2024\/09\/opfern-300x201.jpg\" alt=\"opfern\" \/><\/figure><\/div><div class=\"swiper-slide\" role=\"group\" aria-roledescription=\"slide\" aria-label=\"8 von 14\"><figure class=\"swiper-slide-inner\"><img decoding=\"async\" class=\"swiper-slide-image\" src=\"https:\/\/parablau.com\/galerie\/wp-content\/uploads\/2024\/09\/sinken-201x300.jpg\" alt=\"sinken\" \/><\/figure><\/div><div class=\"swiper-slide\" role=\"group\" aria-roledescription=\"slide\" aria-label=\"9 von 14\"><figure class=\"swiper-slide-inner\"><img decoding=\"async\" class=\"swiper-slide-image\" src=\"https:\/\/parablau.com\/galerie\/wp-content\/uploads\/2024\/09\/sterben-300x201.jpg\" alt=\"sterben\" \/><\/figure><\/div><div class=\"swiper-slide\" role=\"group\" aria-roledescription=\"slide\" aria-label=\"10 von 14\"><figure class=\"swiper-slide-inner\"><img decoding=\"async\" class=\"swiper-slide-image\" src=\"https:\/\/parablau.com\/galerie\/wp-content\/uploads\/2024\/09\/stuerzen-300x200.jpg\" alt=\"stuerzen\" \/><\/figure><\/div><div class=\"swiper-slide\" role=\"group\" aria-roledescription=\"slide\" aria-label=\"11 von 14\"><figure class=\"swiper-slide-inner\"><img decoding=\"async\" class=\"swiper-slide-image\" src=\"https:\/\/parablau.com\/galerie\/wp-content\/uploads\/2024\/09\/treffen-300x200.jpg\" alt=\"treffen\" \/><\/figure><\/div><div class=\"swiper-slide\" role=\"group\" aria-roledescription=\"slide\" aria-label=\"12 von 14\"><figure class=\"swiper-slide-inner\"><img decoding=\"async\" class=\"swiper-slide-image\" src=\"https:\/\/parablau.com\/galerie\/wp-content\/uploads\/2024\/09\/unterliegen-300x200.jpg\" alt=\"unterliegen\" \/><\/figure><\/div><div class=\"swiper-slide\" role=\"group\" aria-roledescription=\"slide\" aria-label=\"13 von 14\"><figure class=\"swiper-slide-inner\"><img decoding=\"async\" class=\"swiper-slide-image\" src=\"https:\/\/parablau.com\/galerie\/wp-content\/uploads\/2024\/09\/wiederfahren-300x200.jpg\" alt=\"wiederfahren\" \/><\/figure><\/div><div class=\"swiper-slide\" role=\"group\" aria-roledescription=\"slide\" aria-label=\"14 von 14\"><figure class=\"swiper-slide-inner\"><img decoding=\"async\" class=\"swiper-slide-image\" src=\"https:\/\/parablau.com\/galerie\/wp-content\/uploads\/2024\/09\/Yvonne_Pesch_Foto-251x300.jpg\" alt=\"Yvonne_Pesch_Foto\" \/><\/figure><\/div>\t\t\t<\/div>\n\t\t\t\t\t\t\t\t\t\t\t\t<div class=\"elementor-swiper-button elementor-swiper-button-prev\" role=\"button\" tabindex=\"0\">\n\t\t\t\t\t\t<svg aria-hidden=\"true\" class=\"e-font-icon-svg e-eicon-chevron-left\" viewBox=\"0 0 1000 1000\" xmlns=\"http:\/\/www.w3.org\/2000\/svg\"><path d=\"M646 125C629 125 613 133 604 142L308 442C296 454 292 471 292 487 292 504 296 521 308 533L604 854C617 867 629 875 646 875 663 875 679 871 692 858 704 846 713 829 713 812 713 796 708 779 692 767L438 487 692 225C700 217 708 204 708 187 708 171 704 154 692 142 675 129 663 125 646 125Z\"><\/path><\/svg>\t\t\t\t\t<\/div>\n\t\t\t\t\t<div class=\"elementor-swiper-button elementor-swiper-button-next\" role=\"button\" tabindex=\"0\">\n\t\t\t\t\t\t<svg aria-hidden=\"true\" class=\"e-font-icon-svg e-eicon-chevron-right\" viewBox=\"0 0 1000 1000\" xmlns=\"http:\/\/www.w3.org\/2000\/svg\"><path d=\"M696 533C708 521 713 504 713 487 713 471 708 454 696 446L400 146C388 133 375 125 354 125 338 125 325 129 313 142 300 154 292 171 292 187 292 204 296 221 308 233L563 492 304 771C292 783 288 800 288 817 288 833 296 850 308 863 321 871 338 875 354 875 371 875 388 867 400 854L696 533Z\"><\/path><\/svg>\t\t\t\t\t<\/div>\n\t\t\t\t\n\t\t\t\t\t\t\t\t\t<div class=\"swiper-pagination\"><\/div>\n\t\t\t\t\t\t\t\t\t<\/div>\n\t\t\t\t\t\t<\/div>\n\t\t\t\t<\/div>\n\t\t\t\t\t<\/div>\n\t\t\t\t<\/div>\n\t\t\t\t<\/div>\n\t\t","protected":false},"excerpt":{"rendered":"<p>&#8222;cadere&#8220; &#8211; Fotografien &#038; photoshop-arts von Heike Yvonne Pesch alias daSinci<\/p>\n","protected":false},"author":1,"featured_media":12331,"comment_status":"closed","ping_status":"closed","sticky":false,"template":"","format":"standard","meta":{"_tbt_post_transparent":"","_tbt_post_title":"","_tbt_post_layout":"","_tbt_post_sidebar_id":"","_tbt_post_content_style":"","_tbt_post_vertical_padding":"","_tbt_post_feature":"","_tbt_post_feature_position":"","_tbt_post_header":false,"_tbt_post_footer":false,"_jetpack_memberships_contains_paid_content":false},"categories":[78],"tags":[],"class_list":["post-12269","post","type-post","status-publish","format-standard","has-post-thumbnail","hentry","category-78"],"yoast_head":"<!-- This site is optimized with the Yoast SEO plugin v27.5 - https:\/\/yoast.com\/product\/yoast-seo-wordpress\/ -->\n<title>CADERE - Heike Yvonne Pesch - parablau<\/title>\n<meta name=\"robots\" content=\"index, follow, max-snippet:-1, max-image-preview:large, max-video-preview:-1\" \/>\n<link rel=\"canonical\" href=\"https:\/\/parablau.com\/galerie\/2014\/07\/01\/cadere-heike-yvonne-pesch\/\" \/>\n<meta property=\"og:locale\" content=\"de_DE\" \/>\n<meta property=\"og:type\" content=\"article\" \/>\n<meta property=\"og:title\" content=\"CADERE - Heike Yvonne Pesch - parablau\" \/>\n<meta property=\"og:description\" content=\"&quot;cadere&quot; - Fotografien &amp; photoshop-arts von Heike Yvonne Pesch alias daSinci\" \/>\n<meta property=\"og:url\" content=\"https:\/\/parablau.com\/galerie\/2014\/07\/01\/cadere-heike-yvonne-pesch\/\" \/>\n<meta property=\"og:site_name\" content=\"parablau\" \/>\n<meta property=\"article:published_time\" content=\"2014-07-01T10:48:00+00:00\" \/>\n<meta property=\"article:modified_time\" content=\"2024-09-26T10:16:56+00:00\" \/>\n<meta property=\"og:image\" content=\"https:\/\/parablau.com\/galerie\/wp-content\/uploads\/2014\/07\/pesch-slider.jpg\" \/>\n\t<meta property=\"og:image:width\" content=\"960\" \/>\n\t<meta property=\"og:image:height\" content=\"350\" \/>\n\t<meta property=\"og:image:type\" content=\"image\/jpeg\" \/>\n<meta name=\"author\" content=\"kuratorin\" \/>\n<meta name=\"twitter:card\" content=\"summary_large_image\" \/>\n<meta name=\"twitter:label1\" content=\"Verfasst von\" \/>\n\t<meta name=\"twitter:data1\" content=\"kuratorin\" \/>\n\t<meta name=\"twitter:label2\" content=\"Gesch\u00e4tzte Lesezeit\" \/>\n\t<meta name=\"twitter:data2\" content=\"8\u00a0Minuten\" \/>\n<script type=\"application\/ld+json\" class=\"yoast-schema-graph\">{\"@context\":\"https:\\\/\\\/schema.org\",\"@graph\":[{\"@type\":\"Article\",\"@id\":\"https:\\\/\\\/parablau.com\\\/galerie\\\/2014\\\/07\\\/01\\\/cadere-heike-yvonne-pesch\\\/#article\",\"isPartOf\":{\"@id\":\"https:\\\/\\\/parablau.com\\\/galerie\\\/2014\\\/07\\\/01\\\/cadere-heike-yvonne-pesch\\\/\"},\"author\":{\"name\":\"kuratorin\",\"@id\":\"https:\\\/\\\/parablau.com\\\/galerie\\\/#\\\/schema\\\/person\\\/de57857d13ad8a61aa7ca445ea36e128\"},\"headline\":\"CADERE &#8211; Heike Yvonne Pesch\",\"datePublished\":\"2014-07-01T10:48:00+00:00\",\"dateModified\":\"2024-09-26T10:16:56+00:00\",\"mainEntityOfPage\":{\"@id\":\"https:\\\/\\\/parablau.com\\\/galerie\\\/2014\\\/07\\\/01\\\/cadere-heike-yvonne-pesch\\\/\"},\"wordCount\":677,\"publisher\":{\"@id\":\"https:\\\/\\\/parablau.com\\\/galerie\\\/#organization\"},\"image\":{\"@id\":\"https:\\\/\\\/parablau.com\\\/galerie\\\/2014\\\/07\\\/01\\\/cadere-heike-yvonne-pesch\\\/#primaryimage\"},\"thumbnailUrl\":\"https:\\\/\\\/parablau.com\\\/galerie\\\/wp-content\\\/uploads\\\/2014\\\/07\\\/pesch-slider.jpg\",\"articleSection\":[\"2014\"],\"inLanguage\":\"de\"},{\"@type\":\"WebPage\",\"@id\":\"https:\\\/\\\/parablau.com\\\/galerie\\\/2014\\\/07\\\/01\\\/cadere-heike-yvonne-pesch\\\/\",\"url\":\"https:\\\/\\\/parablau.com\\\/galerie\\\/2014\\\/07\\\/01\\\/cadere-heike-yvonne-pesch\\\/\",\"name\":\"CADERE - Heike Yvonne Pesch - parablau\",\"isPartOf\":{\"@id\":\"https:\\\/\\\/parablau.com\\\/galerie\\\/#website\"},\"primaryImageOfPage\":{\"@id\":\"https:\\\/\\\/parablau.com\\\/galerie\\\/2014\\\/07\\\/01\\\/cadere-heike-yvonne-pesch\\\/#primaryimage\"},\"image\":{\"@id\":\"https:\\\/\\\/parablau.com\\\/galerie\\\/2014\\\/07\\\/01\\\/cadere-heike-yvonne-pesch\\\/#primaryimage\"},\"thumbnailUrl\":\"https:\\\/\\\/parablau.com\\\/galerie\\\/wp-content\\\/uploads\\\/2014\\\/07\\\/pesch-slider.jpg\",\"datePublished\":\"2014-07-01T10:48:00+00:00\",\"dateModified\":\"2024-09-26T10:16:56+00:00\",\"breadcrumb\":{\"@id\":\"https:\\\/\\\/parablau.com\\\/galerie\\\/2014\\\/07\\\/01\\\/cadere-heike-yvonne-pesch\\\/#breadcrumb\"},\"inLanguage\":\"de\",\"potentialAction\":[{\"@type\":\"ReadAction\",\"target\":[\"https:\\\/\\\/parablau.com\\\/galerie\\\/2014\\\/07\\\/01\\\/cadere-heike-yvonne-pesch\\\/\"]}]},{\"@type\":\"ImageObject\",\"inLanguage\":\"de\",\"@id\":\"https:\\\/\\\/parablau.com\\\/galerie\\\/2014\\\/07\\\/01\\\/cadere-heike-yvonne-pesch\\\/#primaryimage\",\"url\":\"https:\\\/\\\/parablau.com\\\/galerie\\\/wp-content\\\/uploads\\\/2014\\\/07\\\/pesch-slider.jpg\",\"contentUrl\":\"https:\\\/\\\/parablau.com\\\/galerie\\\/wp-content\\\/uploads\\\/2014\\\/07\\\/pesch-slider.jpg\",\"width\":960,\"height\":350},{\"@type\":\"BreadcrumbList\",\"@id\":\"https:\\\/\\\/parablau.com\\\/galerie\\\/2014\\\/07\\\/01\\\/cadere-heike-yvonne-pesch\\\/#breadcrumb\",\"itemListElement\":[{\"@type\":\"ListItem\",\"position\":1,\"name\":\"Startseite\",\"item\":\"https:\\\/\\\/parablau.com\\\/galerie\\\/\"},{\"@type\":\"ListItem\",\"position\":2,\"name\":\"CADERE &#8211; Heike Yvonne Pesch\"}]},{\"@type\":\"WebSite\",\"@id\":\"https:\\\/\\\/parablau.com\\\/galerie\\\/#website\",\"url\":\"https:\\\/\\\/parablau.com\\\/galerie\\\/\",\"name\":\"parablau\",\"description\":\"Galerie und Kunstprojekte in der Blauen Fabrik Dresden\",\"publisher\":{\"@id\":\"https:\\\/\\\/parablau.com\\\/galerie\\\/#organization\"},\"potentialAction\":[{\"@type\":\"SearchAction\",\"target\":{\"@type\":\"EntryPoint\",\"urlTemplate\":\"https:\\\/\\\/parablau.com\\\/galerie\\\/?s={search_term_string}\"},\"query-input\":{\"@type\":\"PropertyValueSpecification\",\"valueRequired\":true,\"valueName\":\"search_term_string\"}}],\"inLanguage\":\"de\"},{\"@type\":\"Organization\",\"@id\":\"https:\\\/\\\/parablau.com\\\/galerie\\\/#organization\",\"name\":\"parablau\",\"url\":\"https:\\\/\\\/parablau.com\\\/galerie\\\/\",\"logo\":{\"@type\":\"ImageObject\",\"inLanguage\":\"de\",\"@id\":\"https:\\\/\\\/parablau.com\\\/galerie\\\/#\\\/schema\\\/logo\\\/image\\\/\",\"url\":\"https:\\\/\\\/parablau.com\\\/galerie\\\/wp-content\\\/uploads\\\/2023\\\/11\\\/cropped-parablau-logo-kiwi-picasso-2-2a5f6e-1.png\",\"contentUrl\":\"https:\\\/\\\/parablau.com\\\/galerie\\\/wp-content\\\/uploads\\\/2023\\\/11\\\/cropped-parablau-logo-kiwi-picasso-2-2a5f6e-1.png\",\"width\":3467,\"height\":4275,\"caption\":\"parablau\"},\"image\":{\"@id\":\"https:\\\/\\\/parablau.com\\\/galerie\\\/#\\\/schema\\\/logo\\\/image\\\/\"}},{\"@type\":\"Person\",\"@id\":\"https:\\\/\\\/parablau.com\\\/galerie\\\/#\\\/schema\\\/person\\\/de57857d13ad8a61aa7ca445ea36e128\",\"name\":\"kuratorin\",\"image\":{\"@type\":\"ImageObject\",\"inLanguage\":\"de\",\"@id\":\"https:\\\/\\\/secure.gravatar.com\\\/avatar\\\/dfcf008e44889dadf03d6380428e38d3d334db117a42c4c6de7e248b56b97a6f?s=96&d=mm&r=g\",\"url\":\"https:\\\/\\\/secure.gravatar.com\\\/avatar\\\/dfcf008e44889dadf03d6380428e38d3d334db117a42c4c6de7e248b56b97a6f?s=96&d=mm&r=g\",\"contentUrl\":\"https:\\\/\\\/secure.gravatar.com\\\/avatar\\\/dfcf008e44889dadf03d6380428e38d3d334db117a42c4c6de7e248b56b97a6f?s=96&d=mm&r=g\",\"caption\":\"kuratorin\"},\"sameAs\":[\"https:\\\/\\\/parablau.com\\\/galerie\"],\"url\":\"https:\\\/\\\/parablau.com\\\/galerie\\\/author\\\/kuratorin\\\/\"}]}<\/script>\n<!-- \/ Yoast SEO plugin. -->","yoast_head_json":{"title":"CADERE - Heike Yvonne Pesch - parablau","robots":{"index":"index","follow":"follow","max-snippet":"max-snippet:-1","max-image-preview":"max-image-preview:large","max-video-preview":"max-video-preview:-1"},"canonical":"https:\/\/parablau.com\/galerie\/2014\/07\/01\/cadere-heike-yvonne-pesch\/","og_locale":"de_DE","og_type":"article","og_title":"CADERE - Heike Yvonne Pesch - parablau","og_description":"\"cadere\" - Fotografien & photoshop-arts von Heike Yvonne Pesch alias daSinci","og_url":"https:\/\/parablau.com\/galerie\/2014\/07\/01\/cadere-heike-yvonne-pesch\/","og_site_name":"parablau","article_published_time":"2014-07-01T10:48:00+00:00","article_modified_time":"2024-09-26T10:16:56+00:00","og_image":[{"width":960,"height":350,"url":"https:\/\/parablau.com\/galerie\/wp-content\/uploads\/2014\/07\/pesch-slider.jpg","type":"image\/jpeg"}],"author":"kuratorin","twitter_card":"summary_large_image","twitter_misc":{"Verfasst von":"kuratorin","Gesch\u00e4tzte Lesezeit":"8\u00a0Minuten"},"schema":{"@context":"https:\/\/schema.org","@graph":[{"@type":"Article","@id":"https:\/\/parablau.com\/galerie\/2014\/07\/01\/cadere-heike-yvonne-pesch\/#article","isPartOf":{"@id":"https:\/\/parablau.com\/galerie\/2014\/07\/01\/cadere-heike-yvonne-pesch\/"},"author":{"name":"kuratorin","@id":"https:\/\/parablau.com\/galerie\/#\/schema\/person\/de57857d13ad8a61aa7ca445ea36e128"},"headline":"CADERE &#8211; Heike Yvonne Pesch","datePublished":"2014-07-01T10:48:00+00:00","dateModified":"2024-09-26T10:16:56+00:00","mainEntityOfPage":{"@id":"https:\/\/parablau.com\/galerie\/2014\/07\/01\/cadere-heike-yvonne-pesch\/"},"wordCount":677,"publisher":{"@id":"https:\/\/parablau.com\/galerie\/#organization"},"image":{"@id":"https:\/\/parablau.com\/galerie\/2014\/07\/01\/cadere-heike-yvonne-pesch\/#primaryimage"},"thumbnailUrl":"https:\/\/parablau.com\/galerie\/wp-content\/uploads\/2014\/07\/pesch-slider.jpg","articleSection":["2014"],"inLanguage":"de"},{"@type":"WebPage","@id":"https:\/\/parablau.com\/galerie\/2014\/07\/01\/cadere-heike-yvonne-pesch\/","url":"https:\/\/parablau.com\/galerie\/2014\/07\/01\/cadere-heike-yvonne-pesch\/","name":"CADERE - Heike Yvonne Pesch - parablau","isPartOf":{"@id":"https:\/\/parablau.com\/galerie\/#website"},"primaryImageOfPage":{"@id":"https:\/\/parablau.com\/galerie\/2014\/07\/01\/cadere-heike-yvonne-pesch\/#primaryimage"},"image":{"@id":"https:\/\/parablau.com\/galerie\/2014\/07\/01\/cadere-heike-yvonne-pesch\/#primaryimage"},"thumbnailUrl":"https:\/\/parablau.com\/galerie\/wp-content\/uploads\/2014\/07\/pesch-slider.jpg","datePublished":"2014-07-01T10:48:00+00:00","dateModified":"2024-09-26T10:16:56+00:00","breadcrumb":{"@id":"https:\/\/parablau.com\/galerie\/2014\/07\/01\/cadere-heike-yvonne-pesch\/#breadcrumb"},"inLanguage":"de","potentialAction":[{"@type":"ReadAction","target":["https:\/\/parablau.com\/galerie\/2014\/07\/01\/cadere-heike-yvonne-pesch\/"]}]},{"@type":"ImageObject","inLanguage":"de","@id":"https:\/\/parablau.com\/galerie\/2014\/07\/01\/cadere-heike-yvonne-pesch\/#primaryimage","url":"https:\/\/parablau.com\/galerie\/wp-content\/uploads\/2014\/07\/pesch-slider.jpg","contentUrl":"https:\/\/parablau.com\/galerie\/wp-content\/uploads\/2014\/07\/pesch-slider.jpg","width":960,"height":350},{"@type":"BreadcrumbList","@id":"https:\/\/parablau.com\/galerie\/2014\/07\/01\/cadere-heike-yvonne-pesch\/#breadcrumb","itemListElement":[{"@type":"ListItem","position":1,"name":"Startseite","item":"https:\/\/parablau.com\/galerie\/"},{"@type":"ListItem","position":2,"name":"CADERE &#8211; Heike Yvonne Pesch"}]},{"@type":"WebSite","@id":"https:\/\/parablau.com\/galerie\/#website","url":"https:\/\/parablau.com\/galerie\/","name":"parablau","description":"Galerie und Kunstprojekte in der Blauen Fabrik Dresden","publisher":{"@id":"https:\/\/parablau.com\/galerie\/#organization"},"potentialAction":[{"@type":"SearchAction","target":{"@type":"EntryPoint","urlTemplate":"https:\/\/parablau.com\/galerie\/?s={search_term_string}"},"query-input":{"@type":"PropertyValueSpecification","valueRequired":true,"valueName":"search_term_string"}}],"inLanguage":"de"},{"@type":"Organization","@id":"https:\/\/parablau.com\/galerie\/#organization","name":"parablau","url":"https:\/\/parablau.com\/galerie\/","logo":{"@type":"ImageObject","inLanguage":"de","@id":"https:\/\/parablau.com\/galerie\/#\/schema\/logo\/image\/","url":"https:\/\/parablau.com\/galerie\/wp-content\/uploads\/2023\/11\/cropped-parablau-logo-kiwi-picasso-2-2a5f6e-1.png","contentUrl":"https:\/\/parablau.com\/galerie\/wp-content\/uploads\/2023\/11\/cropped-parablau-logo-kiwi-picasso-2-2a5f6e-1.png","width":3467,"height":4275,"caption":"parablau"},"image":{"@id":"https:\/\/parablau.com\/galerie\/#\/schema\/logo\/image\/"}},{"@type":"Person","@id":"https:\/\/parablau.com\/galerie\/#\/schema\/person\/de57857d13ad8a61aa7ca445ea36e128","name":"kuratorin","image":{"@type":"ImageObject","inLanguage":"de","@id":"https:\/\/secure.gravatar.com\/avatar\/dfcf008e44889dadf03d6380428e38d3d334db117a42c4c6de7e248b56b97a6f?s=96&d=mm&r=g","url":"https:\/\/secure.gravatar.com\/avatar\/dfcf008e44889dadf03d6380428e38d3d334db117a42c4c6de7e248b56b97a6f?s=96&d=mm&r=g","contentUrl":"https:\/\/secure.gravatar.com\/avatar\/dfcf008e44889dadf03d6380428e38d3d334db117a42c4c6de7e248b56b97a6f?s=96&d=mm&r=g","caption":"kuratorin"},"sameAs":["https:\/\/parablau.com\/galerie"],"url":"https:\/\/parablau.com\/galerie\/author\/kuratorin\/"}]}},"jetpack_featured_media_url":"https:\/\/parablau.com\/galerie\/wp-content\/uploads\/2014\/07\/pesch-slider.jpg","jetpack_sharing_enabled":true,"_links":{"self":[{"href":"https:\/\/parablau.com\/galerie\/wp-json\/wp\/v2\/posts\/12269","targetHints":{"allow":["GET"]}}],"collection":[{"href":"https:\/\/parablau.com\/galerie\/wp-json\/wp\/v2\/posts"}],"about":[{"href":"https:\/\/parablau.com\/galerie\/wp-json\/wp\/v2\/types\/post"}],"author":[{"embeddable":true,"href":"https:\/\/parablau.com\/galerie\/wp-json\/wp\/v2\/users\/1"}],"replies":[{"embeddable":true,"href":"https:\/\/parablau.com\/galerie\/wp-json\/wp\/v2\/comments?post=12269"}],"version-history":[{"count":10,"href":"https:\/\/parablau.com\/galerie\/wp-json\/wp\/v2\/posts\/12269\/revisions"}],"predecessor-version":[{"id":12564,"href":"https:\/\/parablau.com\/galerie\/wp-json\/wp\/v2\/posts\/12269\/revisions\/12564"}],"wp:featuredmedia":[{"embeddable":true,"href":"https:\/\/parablau.com\/galerie\/wp-json\/wp\/v2\/media\/12331"}],"wp:attachment":[{"href":"https:\/\/parablau.com\/galerie\/wp-json\/wp\/v2\/media?parent=12269"}],"wp:term":[{"taxonomy":"category","embeddable":true,"href":"https:\/\/parablau.com\/galerie\/wp-json\/wp\/v2\/categories?post=12269"},{"taxonomy":"post_tag","embeddable":true,"href":"https:\/\/parablau.com\/galerie\/wp-json\/wp\/v2\/tags?post=12269"}],"curies":[{"name":"wp","href":"https:\/\/api.w.org\/{rel}","templated":true}]}}