{"id":12256,"date":"2015-02-04T11:29:46","date_gmt":"2015-02-04T10:29:46","guid":{"rendered":"https:\/\/parablau.com\/galerie\/?p=12256"},"modified":"2024-08-04T11:35:22","modified_gmt":"2024-08-04T09:35:22","slug":"lost-german-girl","status":"publish","type":"post","link":"https:\/\/parablau.com\/galerie\/2015\/02\/04\/lost-german-girl\/","title":{"rendered":"LOST GERMAN GIRL"},"content":{"rendered":"\t\t<div data-elementor-type=\"wp-post\" data-elementor-id=\"12256\" class=\"elementor elementor-12256\">\n\t\t\t\t<div class=\"elementor-element elementor-element-47593382 e-flex e-con-boxed e-con e-parent\" data-id=\"47593382\" data-element_type=\"container\" data-e-type=\"container\">\n\t\t\t\t\t<div class=\"e-con-inner\">\n\t\t\t\t<div class=\"elementor-element elementor-element-627167fc elementor-widget elementor-widget-text-editor\" data-id=\"627167fc\" data-element_type=\"widget\" data-e-type=\"widget\" data-widget_type=\"text-editor.default\">\n\t\t\t\t<div class=\"elementor-widget-container\">\n\t\t\t\t\t\t\t\t\t<p><strong>FEBRUAR 2015<\/strong><\/p>\t\t\t\t\t\t\t\t<\/div>\n\t\t\t\t<\/div>\n\t\t\t\t\t<\/div>\n\t\t\t\t<\/div>\n\t\t<div class=\"elementor-element elementor-element-53b260d e-flex e-con-boxed e-con e-parent\" data-id=\"53b260d\" data-element_type=\"container\" data-e-type=\"container\">\n\t\t\t\t\t<div class=\"e-con-inner\">\n\t\t<div class=\"elementor-element elementor-element-36adeef e-con-full e-flex e-con e-child\" data-id=\"36adeef\" data-element_type=\"container\" data-e-type=\"container\">\n\t\t\t\t<div class=\"elementor-element elementor-element-65d6c84 elementor-widget elementor-widget-text-editor\" data-id=\"65d6c84\" data-element_type=\"widget\" data-e-type=\"widget\" data-widget_type=\"text-editor.default\">\n\t\t\t\t<div class=\"elementor-widget-container\">\n\t\t\t\t\t\t\t\t\t<p><strong>EN<\/strong><\/p><p>Michaela Spru\u017einov\u00e1 (1983 Decin) studied at the Glass studio of Ilya Bilek and curatorial studies at the Faculty of Art and Design, the University of Jan Evangelista Purkyn\u011b in \u00dast\u00ed nad Labem. She currently works at the University of Tomas Bata in Zlin, as an assistant in the Glass Design Studio.<\/p><p>Although Michaela graduated in glass, conceptual overlaps and interest in the place and its traditions can be traced in her work ever since her studies. In 2008, during her study visit in Jerusalem she cast pieces of her temporary home in wax and worked with the issue of tramping, which has been since childhood an important part of her life\u00a0<i>Nevertramping story<\/i><i>\u00a0<\/i><i>(<\/i><i>2012)<\/i>. At the same time she began persuading memories of places for which she created projects. She organized a collection of old Skoda parts in Mlada Boleslav (2011) and for the synagogue in Trnava created the work\u00a0<i>until our<\/i><i>\u00a0<\/i><i>memory serves<\/i><i>\u00a0<\/i><i>(2013)<\/i>, reflecting local events during the Second World War. In 2014, Michaela has created, apart from lines of identity, two other projects reacting to the history and memory of the place. Based on archival research, she wrote on the gallery Board in \u00dast\u00ed nad Labem memories of Germans that owned the house across the gallery before the war. In the Ploskovice castle that housed Napoli, took Michaela photographs of castle gardens visitors with the spirit of one of the then prot\u00e9g\u00e9s, a little boy raised to be an SS officer.<\/p><p>However, the project Line of identity goes beyond a particular place. It responds to the situation, which was caused by the publication of video from the archive of Steven Spielberg filmed shortly after the World War II. near Plzen. Together with the German army a young girl is leaving Bohemia, beaten and possibly raped, dressed in a men\u2019s German uniform. The girl is desperate, but despite it very charismatic. Following the publication of shots called\u00a0<i>Lost German Girl<\/i>\u00a0on\u00a0<i>YouTube<\/i>, a group was created on the Internet that is trying to find her identity. When and where was the video filmed, from what country the units came, and to which camps were deported, how the girl in large men\u2019s clothes clutching a package of worthless Reichsmarks in her hands ended up between them? These are the questions that interest people from this Internet Group.<\/p><p>But why did it happen? How did a girl walking down the road after seventy years come into the center of interest of people living on different continents? What makes her so close to us? Is not she a projection of the common feeling, which remained in us from the Second World War across nations? How much has the world became smaller since and what holds value in today&#8217;s globalized information village? What unites it and what divides? How does the story of the lost girl correspond to the current situation? These are all the other lines, over which we can, through the project of Michaela Spru\u017einov\u00e1, think.<\/p><p>(Text by Romana Vesel\u00e1)<\/p><div id=\"simple-translate\" class=\"simple-translate-system-theme\"><div><div class=\"simple-translate-button isShow\" style=\"background-image: url('moz-extension:\/\/8505295a-c7a8-47aa-a264-5718d74a7935\/icons\/512.png'); height: 22px; width: 22px; top: 32px; left: 69px;\">\u00a0<\/div><div class=\"simple-translate-panel \" style=\"width: 300px; height: 200px; top: 0px; left: 0px; font-size: 13px;\"><div class=\"simple-translate-result-wrapper\" style=\"overflow: hidden;\"><div class=\"simple-translate-move\" draggable=\"true\">\u00a0<\/div><div class=\"simple-translate-result-contents\"><p class=\"simple-translate-result\" dir=\"auto\">\u00a0<\/p><p class=\"simple-translate-candidate\" dir=\"auto\">\u00a0<\/p><\/div><\/div><\/div><\/div><\/div>\t\t\t\t\t\t\t\t<\/div>\n\t\t\t\t<\/div>\n\t\t\t\t<\/div>\n\t\t<div class=\"elementor-element elementor-element-58bd2e4 e-con-full e-flex e-con e-child\" data-id=\"58bd2e4\" data-element_type=\"container\" data-e-type=\"container\">\n\t\t\t\t<div class=\"elementor-element elementor-element-e474cb3 elementor-widget elementor-widget-text-editor\" data-id=\"e474cb3\" data-element_type=\"widget\" data-e-type=\"widget\" data-widget_type=\"text-editor.default\">\n\t\t\t\t<div class=\"elementor-widget-container\">\n\t\t\t\t\t\t\t\t\t<p><strong>\u010cZ<\/strong><\/p><p><strong>Linie identity Michaely Spru\u017einov\u00e9<\/strong><\/p><p>06.02. &#8211; 05.03.2015.<\/p><p><a name=\"_GoBack\"><\/a>Michaela Spru\u017einov\u00e1 (1983, D\u011b\u010d\u00edn) vystudovala Ateli\u00e9r skla Ilji B\u00edlka a Kur\u00e1torsk\u00e1 studia na Fakult\u011b um\u011bn\u00ed a designu Univerzity Jana Evangelisty Purkyn\u011b v\u00a0\u00dast\u00ed nad Labem. V\u00a0sou\u010dasn\u00e9 dob\u011b p\u016fsob\u00ed na Univerzit\u011b Tom\u00e1\u0161e Bati ve Zl\u00edn\u011b, jako asistentka v\u00a0Ateli\u00e9ru Design skla.<\/p><p>A\u010dkoli Michaela vystudovala sklo konceptu\u00e1ln\u00ed p\u0159esahy a z\u00e1jem o m\u00edsto a jeho tradice m\u016f\u017eeme v\u00a0jej\u00ed tvorb\u011b vysledovat ji\u017e od dob studi\u00ed. V\u00a0roce 2008 na st\u00e1\u017ei v\u00a0Jeruzal\u00e9m\u011b odl\u00e9vala kusy sv\u00e9ho do\u010dasn\u00e9ho domova do vosku a v\u011bnovala se t\u00e9matice trampingu, kter\u00fd je od d\u011btstv\u00ed d\u016fle\u017eitou sou\u010d\u00e1st\u00ed jej\u00edho \u017eivota <i>Nevertramping story ( 2012)<\/i>. Sou\u010dasn\u011b se za\u010dala v\u011bnovat pam\u011bti m\u00edst, pro kter\u00e9 sv\u00e9 projekty vytv\u00e1\u0159ela. V\u00a0Mlad\u00e9 Boleslavi uspo\u0159\u00e1dala sb\u00edrku d\u00edl\u016f star\u00fdch \u0161kodovek (2011) a pro trnavskou synagogu vytvo\u0159ila d\u00edlo <i>Dokud n\u00e1m pam\u011b\u0165 slou\u017e\u00ed<\/i> (2013) reflektuj\u00edc\u00ed m\u00edstn\u00ed ud\u00e1losti za druh\u00e9 sv\u011btov\u00e9 v\u00e1lky.<\/p><p>V roce 2014 Michaela vytvo\u0159ila krom\u011b Lini\u00ed identity dva dal\u0161\u00ed projekty reaguj\u00edc\u00ed na historii a pam\u011b\u0165 m\u00edsta. Na z\u00e1klad\u011b archivn\u00edho v\u00fdzkumu vypsala na galerii Deska v\u00a0\u00dast\u00ed nad Labem vzpom\u00ednky na N\u011bmce, kter\u00fdm p\u0159ed v\u00e1lkou pat\u0159il d\u016fm naproti galerie. V\u00a0z\u00e1mku Ploskovice, kde s\u00eddlila Napola<sup><a class=\"sdfootnoteanc\" href=\"#sdfootnote1sym\" name=\"sdfootnote1anc\">1<\/a><\/sup>, Michaela fotografovala n\u00e1v\u0161t\u011bvn\u00edky z\u00e1meck\u00e9 zahrady s\u00a0duchem jednoho z\u00a0tehdej\u0161\u00edch chr\u00e1n\u011bnc\u016f, s\u00a0mal\u00fdm chlapcem vychov\u00e1van\u00fdm na d\u016fstojn\u00edka SS.<\/p><p>Projekt <i>Linie identity<\/i> v\u0161ak p\u0159ekra\u010duje hranice konkr\u00e9tn\u00edho m\u00edsta. Reaguje na situaci, kterou vyvolalo zve\u0159ejn\u011bn\u00ed videa z\u00a0archivu Stevena Spielberga nato\u010den\u00e9ho kr\u00e1tce po II. sv\u011btov\u00e9 v\u00e1lce u Plzn\u011b. Spolu s\u00a0n\u011bmeckou arm\u00e1dou odch\u00e1z\u00ed z\u00a0\u010cech i mlad\u00e1 d\u00edvka, zbit\u00e1 a pravd\u011bpodobn\u011b i zn\u00e1siln\u011bn\u00e1, v\u00a0p\u00e1nsk\u00e9 n\u011bmeck\u00e9 uniform\u011b. D\u00edvka je zoufal\u00e1, ale i p\u0159es to je velmi charizmatick\u00e1. Po zve\u0159ejn\u011bn\u00ed jejich z\u00e1b\u011br\u016f pod n\u00e1zvem <i>Lost German Girl<\/i> na YouTube se na internetu vytvo\u0159ila skupina, kter\u00e1 se sna\u017e\u00ed vyp\u00e1trat jej\u00ed identitu. Kdy a kde bylo video nato\u010deno, z\u00a0jak\u00e9 zem\u011b jednotky poch\u00e1zely a do jak\u00fdch t\u00e1bor\u016f byly deportov\u00e1ny, jak se mezi nimi ocitla d\u00edvka v\u00a0p\u00e1nsk\u00fdch velk\u00fdch \u0161atech sv\u00edraj\u00edc\u00ed v\u00a0ruk\u00e1ch bal\u00ed\u010dek bezcenn\u00fdch \u0159\u00ed\u0161sk\u00fdch marek? To jsou ot\u00e1zky, kter\u00fdmi se zab\u00fdvaj\u00ed lid\u00e9 z\u00a0on\u00e9 internetov\u00e9 skupiny.<\/p><p>Jen\u017ee pro\u010d se to stalo? Jak se d\u00edvka jdouc\u00ed po silnici po sedmdes\u00e1ti letech dostala do centra z\u00e1jmu lid\u00ed bydl\u00edc\u00edch na r\u016fzn\u00fdch kontinentech? \u010c\u00edm je n\u00e1m tak bl\u00edzk\u00e1? Nen\u00ed zobrazen\u00edm spole\u010dn\u00e9ho pocitu, kter\u00fd v\u00a0n\u00e1s z\u00a0II. sv\u011btov\u00e9 v\u00e1lky z\u016fstal nap\u0159\u00ed\u010d n\u00e1rody? Jak moc se od t\u00e9 doby sv\u011bt zmen\u0161il a jak\u00e1 hodnoty zast\u00e1v\u00e1 v sou\u010dasn\u00e9 globalizovan\u00e9 informa\u010dn\u00ed vesnici? Co ho spojuje a co odsuzuje? Jak p\u0159\u00edb\u011bh ztracen\u00ed d\u00edvky koresponduje se sou\u010dasnou situac\u00ed? To v\u0161e jsou dal\u0161\u00ed linie, nad kter\u00fdmi prost\u0159ednictv\u00edm\u00a0projektu Michaely Spru\u017einov\u00e9 m\u016f\u017eeme p\u0159em\u00fd\u0161let.<\/p><div id=\"sdfootnote1\"><p>\u00a0<\/p><\/div>\t\t\t\t\t\t\t\t<\/div>\n\t\t\t\t<\/div>\n\t\t\t\t<\/div>\n\t\t\t\t\t<\/div>\n\t\t\t\t<\/div>\n\t\t<div class=\"elementor-element elementor-element-526af76 e-flex e-con-boxed e-con e-parent\" data-id=\"526af76\" data-element_type=\"container\" data-e-type=\"container\">\n\t\t\t\t\t<div class=\"e-con-inner\">\n\t\t\t\t<div class=\"elementor-element elementor-element-cd68e37 elementor-widget elementor-widget-spacer\" data-id=\"cd68e37\" data-element_type=\"widget\" data-e-type=\"widget\" data-widget_type=\"spacer.default\">\n\t\t\t\t<div class=\"elementor-widget-container\">\n\t\t\t\t\t\t\t<div class=\"elementor-spacer\">\n\t\t\t<div class=\"elementor-spacer-inner\"><\/div>\n\t\t<\/div>\n\t\t\t\t\t\t<\/div>\n\t\t\t\t<\/div>\n\t\t\t\t\t<\/div>\n\t\t\t\t<\/div>\n\t\t<div class=\"elementor-element elementor-element-f7d99f9 e-flex e-con-boxed e-con e-parent\" data-id=\"f7d99f9\" data-element_type=\"container\" data-e-type=\"container\">\n\t\t\t\t\t<div class=\"e-con-inner\">\n\t\t\t\t<div class=\"elementor-element elementor-element-03485d0 elementor-widget elementor-widget-image\" data-id=\"03485d0\" data-element_type=\"widget\" data-e-type=\"widget\" data-widget_type=\"image.default\">\n\t\t\t\t<div class=\"elementor-widget-container\">\n\t\t\t\t\t\t\t\t\t\t\t\t\t\t\t<img fetchpriority=\"high\" decoding=\"async\" width=\"768\" height=\"430\" src=\"https:\/\/parablau.com\/galerie\/wp-content\/uploads\/2024\/08\/LGG-3.jpg\" class=\"attachment-large size-large wp-image-12258\" alt=\"\" srcset=\"https:\/\/parablau.com\/galerie\/wp-content\/uploads\/2024\/08\/LGG-3.jpg 768w, https:\/\/parablau.com\/galerie\/wp-content\/uploads\/2024\/08\/LGG-3-300x168.jpg 300w, https:\/\/parablau.com\/galerie\/wp-content\/uploads\/2024\/08\/LGG-3-600x336.jpg 600w\" sizes=\"(max-width: 768px) 100vw, 768px\" \/>\t\t\t\t\t\t\t\t\t\t\t\t\t\t\t<\/div>\n\t\t\t\t<\/div>\n\t\t\t\t\t<\/div>\n\t\t\t\t<\/div>\n\t\t\t\t<\/div>\n\t\t","protected":false},"excerpt":{"rendered":"<p>Michaela Spru\u017einov\u00e1 (1983 Decin) studied at the Glass studio of Ilya Bilek and curatorial studies at the Faculty of Art and Design, the University of Jan Evangelista Purkyn\u011b in \u00dast\u00ed nad Labem. She currently works at the University of Tomas Bata in Zlin, as an assistant in the Glass Design Studio.<\/p>\n","protected":false},"author":1,"featured_media":12258,"comment_status":"closed","ping_status":"closed","sticky":false,"template":"","format":"standard","meta":{"_tbt_post_transparent":"","_tbt_post_title":"","_tbt_post_layout":"","_tbt_post_sidebar_id":"","_tbt_post_content_style":"","_tbt_post_vertical_padding":"","_tbt_post_feature":"","_tbt_post_feature_position":"","_tbt_post_header":false,"_tbt_post_footer":false,"_jetpack_memberships_contains_paid_content":false},"categories":[77],"tags":[],"class_list":["post-12256","post","type-post","status-publish","format-standard","has-post-thumbnail","hentry","category-77"],"yoast_head":"<!-- This site is optimized with the Yoast SEO plugin v27.5 - https:\/\/yoast.com\/product\/yoast-seo-wordpress\/ -->\n<title>LOST GERMAN GIRL - parablau<\/title>\n<meta name=\"robots\" content=\"index, follow, max-snippet:-1, max-image-preview:large, max-video-preview:-1\" \/>\n<link rel=\"canonical\" href=\"https:\/\/parablau.com\/galerie\/2015\/02\/04\/lost-german-girl\/\" \/>\n<meta property=\"og:locale\" content=\"de_DE\" \/>\n<meta property=\"og:type\" content=\"article\" \/>\n<meta property=\"og:title\" content=\"LOST GERMAN GIRL - parablau\" \/>\n<meta property=\"og:description\" content=\"Michaela Spru\u017einov\u00e1 (1983 Decin) studied at the Glass studio of Ilya Bilek and curatorial studies at the Faculty of Art and Design, the University of Jan Evangelista Purkyn\u011b in \u00dast\u00ed nad Labem. She currently works at the University of Tomas Bata in Zlin, as an assistant in the Glass Design Studio.\" \/>\n<meta property=\"og:url\" content=\"https:\/\/parablau.com\/galerie\/2015\/02\/04\/lost-german-girl\/\" \/>\n<meta property=\"og:site_name\" content=\"parablau\" \/>\n<meta property=\"article:published_time\" content=\"2015-02-04T10:29:46+00:00\" \/>\n<meta property=\"article:modified_time\" content=\"2024-08-04T09:35:22+00:00\" \/>\n<meta property=\"og:image\" content=\"https:\/\/parablau.com\/galerie\/wp-content\/uploads\/2024\/08\/LGG-3.jpg\" \/>\n\t<meta property=\"og:image:width\" content=\"768\" \/>\n\t<meta property=\"og:image:height\" content=\"430\" \/>\n\t<meta property=\"og:image:type\" content=\"image\/jpeg\" \/>\n<meta name=\"author\" content=\"kuratorin\" \/>\n<meta name=\"twitter:card\" content=\"summary_large_image\" \/>\n<meta name=\"twitter:label1\" content=\"Verfasst von\" \/>\n\t<meta name=\"twitter:data1\" content=\"kuratorin\" \/>\n\t<meta name=\"twitter:label2\" content=\"Gesch\u00e4tzte Lesezeit\" \/>\n\t<meta name=\"twitter:data2\" content=\"6\u00a0Minuten\" \/>\n<script type=\"application\/ld+json\" class=\"yoast-schema-graph\">{\"@context\":\"https:\\\/\\\/schema.org\",\"@graph\":[{\"@type\":\"Article\",\"@id\":\"https:\\\/\\\/parablau.com\\\/galerie\\\/2015\\\/02\\\/04\\\/lost-german-girl\\\/#article\",\"isPartOf\":{\"@id\":\"https:\\\/\\\/parablau.com\\\/galerie\\\/2015\\\/02\\\/04\\\/lost-german-girl\\\/\"},\"author\":{\"name\":\"kuratorin\",\"@id\":\"https:\\\/\\\/parablau.com\\\/galerie\\\/#\\\/schema\\\/person\\\/de57857d13ad8a61aa7ca445ea36e128\"},\"headline\":\"LOST GERMAN GIRL\",\"datePublished\":\"2015-02-04T10:29:46+00:00\",\"dateModified\":\"2024-08-04T09:35:22+00:00\",\"mainEntityOfPage\":{\"@id\":\"https:\\\/\\\/parablau.com\\\/galerie\\\/2015\\\/02\\\/04\\\/lost-german-girl\\\/\"},\"wordCount\":1070,\"publisher\":{\"@id\":\"https:\\\/\\\/parablau.com\\\/galerie\\\/#organization\"},\"image\":{\"@id\":\"https:\\\/\\\/parablau.com\\\/galerie\\\/2015\\\/02\\\/04\\\/lost-german-girl\\\/#primaryimage\"},\"thumbnailUrl\":\"https:\\\/\\\/parablau.com\\\/galerie\\\/wp-content\\\/uploads\\\/2024\\\/08\\\/LGG-3.jpg\",\"articleSection\":[\"2015\"],\"inLanguage\":\"de\"},{\"@type\":\"WebPage\",\"@id\":\"https:\\\/\\\/parablau.com\\\/galerie\\\/2015\\\/02\\\/04\\\/lost-german-girl\\\/\",\"url\":\"https:\\\/\\\/parablau.com\\\/galerie\\\/2015\\\/02\\\/04\\\/lost-german-girl\\\/\",\"name\":\"LOST GERMAN GIRL - parablau\",\"isPartOf\":{\"@id\":\"https:\\\/\\\/parablau.com\\\/galerie\\\/#website\"},\"primaryImageOfPage\":{\"@id\":\"https:\\\/\\\/parablau.com\\\/galerie\\\/2015\\\/02\\\/04\\\/lost-german-girl\\\/#primaryimage\"},\"image\":{\"@id\":\"https:\\\/\\\/parablau.com\\\/galerie\\\/2015\\\/02\\\/04\\\/lost-german-girl\\\/#primaryimage\"},\"thumbnailUrl\":\"https:\\\/\\\/parablau.com\\\/galerie\\\/wp-content\\\/uploads\\\/2024\\\/08\\\/LGG-3.jpg\",\"datePublished\":\"2015-02-04T10:29:46+00:00\",\"dateModified\":\"2024-08-04T09:35:22+00:00\",\"breadcrumb\":{\"@id\":\"https:\\\/\\\/parablau.com\\\/galerie\\\/2015\\\/02\\\/04\\\/lost-german-girl\\\/#breadcrumb\"},\"inLanguage\":\"de\",\"potentialAction\":[{\"@type\":\"ReadAction\",\"target\":[\"https:\\\/\\\/parablau.com\\\/galerie\\\/2015\\\/02\\\/04\\\/lost-german-girl\\\/\"]}]},{\"@type\":\"ImageObject\",\"inLanguage\":\"de\",\"@id\":\"https:\\\/\\\/parablau.com\\\/galerie\\\/2015\\\/02\\\/04\\\/lost-german-girl\\\/#primaryimage\",\"url\":\"https:\\\/\\\/parablau.com\\\/galerie\\\/wp-content\\\/uploads\\\/2024\\\/08\\\/LGG-3.jpg\",\"contentUrl\":\"https:\\\/\\\/parablau.com\\\/galerie\\\/wp-content\\\/uploads\\\/2024\\\/08\\\/LGG-3.jpg\",\"width\":768,\"height\":430},{\"@type\":\"BreadcrumbList\",\"@id\":\"https:\\\/\\\/parablau.com\\\/galerie\\\/2015\\\/02\\\/04\\\/lost-german-girl\\\/#breadcrumb\",\"itemListElement\":[{\"@type\":\"ListItem\",\"position\":1,\"name\":\"Startseite\",\"item\":\"https:\\\/\\\/parablau.com\\\/galerie\\\/\"},{\"@type\":\"ListItem\",\"position\":2,\"name\":\"LOST GERMAN GIRL\"}]},{\"@type\":\"WebSite\",\"@id\":\"https:\\\/\\\/parablau.com\\\/galerie\\\/#website\",\"url\":\"https:\\\/\\\/parablau.com\\\/galerie\\\/\",\"name\":\"parablau\",\"description\":\"Galerie und Kunstprojekte in der Blauen Fabrik Dresden\",\"publisher\":{\"@id\":\"https:\\\/\\\/parablau.com\\\/galerie\\\/#organization\"},\"potentialAction\":[{\"@type\":\"SearchAction\",\"target\":{\"@type\":\"EntryPoint\",\"urlTemplate\":\"https:\\\/\\\/parablau.com\\\/galerie\\\/?s={search_term_string}\"},\"query-input\":{\"@type\":\"PropertyValueSpecification\",\"valueRequired\":true,\"valueName\":\"search_term_string\"}}],\"inLanguage\":\"de\"},{\"@type\":\"Organization\",\"@id\":\"https:\\\/\\\/parablau.com\\\/galerie\\\/#organization\",\"name\":\"parablau\",\"url\":\"https:\\\/\\\/parablau.com\\\/galerie\\\/\",\"logo\":{\"@type\":\"ImageObject\",\"inLanguage\":\"de\",\"@id\":\"https:\\\/\\\/parablau.com\\\/galerie\\\/#\\\/schema\\\/logo\\\/image\\\/\",\"url\":\"https:\\\/\\\/parablau.com\\\/galerie\\\/wp-content\\\/uploads\\\/2023\\\/11\\\/cropped-parablau-logo-kiwi-picasso-2-2a5f6e-1.png\",\"contentUrl\":\"https:\\\/\\\/parablau.com\\\/galerie\\\/wp-content\\\/uploads\\\/2023\\\/11\\\/cropped-parablau-logo-kiwi-picasso-2-2a5f6e-1.png\",\"width\":3467,\"height\":4275,\"caption\":\"parablau\"},\"image\":{\"@id\":\"https:\\\/\\\/parablau.com\\\/galerie\\\/#\\\/schema\\\/logo\\\/image\\\/\"}},{\"@type\":\"Person\",\"@id\":\"https:\\\/\\\/parablau.com\\\/galerie\\\/#\\\/schema\\\/person\\\/de57857d13ad8a61aa7ca445ea36e128\",\"name\":\"kuratorin\",\"image\":{\"@type\":\"ImageObject\",\"inLanguage\":\"de\",\"@id\":\"https:\\\/\\\/secure.gravatar.com\\\/avatar\\\/dfcf008e44889dadf03d6380428e38d3d334db117a42c4c6de7e248b56b97a6f?s=96&d=mm&r=g\",\"url\":\"https:\\\/\\\/secure.gravatar.com\\\/avatar\\\/dfcf008e44889dadf03d6380428e38d3d334db117a42c4c6de7e248b56b97a6f?s=96&d=mm&r=g\",\"contentUrl\":\"https:\\\/\\\/secure.gravatar.com\\\/avatar\\\/dfcf008e44889dadf03d6380428e38d3d334db117a42c4c6de7e248b56b97a6f?s=96&d=mm&r=g\",\"caption\":\"kuratorin\"},\"sameAs\":[\"https:\\\/\\\/parablau.com\\\/galerie\"],\"url\":\"https:\\\/\\\/parablau.com\\\/galerie\\\/author\\\/kuratorin\\\/\"}]}<\/script>\n<!-- \/ Yoast SEO plugin. -->","yoast_head_json":{"title":"LOST GERMAN GIRL - parablau","robots":{"index":"index","follow":"follow","max-snippet":"max-snippet:-1","max-image-preview":"max-image-preview:large","max-video-preview":"max-video-preview:-1"},"canonical":"https:\/\/parablau.com\/galerie\/2015\/02\/04\/lost-german-girl\/","og_locale":"de_DE","og_type":"article","og_title":"LOST GERMAN GIRL - parablau","og_description":"Michaela Spru\u017einov\u00e1 (1983 Decin) studied at the Glass studio of Ilya Bilek and curatorial studies at the Faculty of Art and Design, the University of Jan Evangelista Purkyn\u011b in \u00dast\u00ed nad Labem. She currently works at the University of Tomas Bata in Zlin, as an assistant in the Glass Design Studio.","og_url":"https:\/\/parablau.com\/galerie\/2015\/02\/04\/lost-german-girl\/","og_site_name":"parablau","article_published_time":"2015-02-04T10:29:46+00:00","article_modified_time":"2024-08-04T09:35:22+00:00","og_image":[{"width":768,"height":430,"url":"https:\/\/parablau.com\/galerie\/wp-content\/uploads\/2024\/08\/LGG-3.jpg","type":"image\/jpeg"}],"author":"kuratorin","twitter_card":"summary_large_image","twitter_misc":{"Verfasst von":"kuratorin","Gesch\u00e4tzte Lesezeit":"6\u00a0Minuten"},"schema":{"@context":"https:\/\/schema.org","@graph":[{"@type":"Article","@id":"https:\/\/parablau.com\/galerie\/2015\/02\/04\/lost-german-girl\/#article","isPartOf":{"@id":"https:\/\/parablau.com\/galerie\/2015\/02\/04\/lost-german-girl\/"},"author":{"name":"kuratorin","@id":"https:\/\/parablau.com\/galerie\/#\/schema\/person\/de57857d13ad8a61aa7ca445ea36e128"},"headline":"LOST GERMAN GIRL","datePublished":"2015-02-04T10:29:46+00:00","dateModified":"2024-08-04T09:35:22+00:00","mainEntityOfPage":{"@id":"https:\/\/parablau.com\/galerie\/2015\/02\/04\/lost-german-girl\/"},"wordCount":1070,"publisher":{"@id":"https:\/\/parablau.com\/galerie\/#organization"},"image":{"@id":"https:\/\/parablau.com\/galerie\/2015\/02\/04\/lost-german-girl\/#primaryimage"},"thumbnailUrl":"https:\/\/parablau.com\/galerie\/wp-content\/uploads\/2024\/08\/LGG-3.jpg","articleSection":["2015"],"inLanguage":"de"},{"@type":"WebPage","@id":"https:\/\/parablau.com\/galerie\/2015\/02\/04\/lost-german-girl\/","url":"https:\/\/parablau.com\/galerie\/2015\/02\/04\/lost-german-girl\/","name":"LOST GERMAN GIRL - parablau","isPartOf":{"@id":"https:\/\/parablau.com\/galerie\/#website"},"primaryImageOfPage":{"@id":"https:\/\/parablau.com\/galerie\/2015\/02\/04\/lost-german-girl\/#primaryimage"},"image":{"@id":"https:\/\/parablau.com\/galerie\/2015\/02\/04\/lost-german-girl\/#primaryimage"},"thumbnailUrl":"https:\/\/parablau.com\/galerie\/wp-content\/uploads\/2024\/08\/LGG-3.jpg","datePublished":"2015-02-04T10:29:46+00:00","dateModified":"2024-08-04T09:35:22+00:00","breadcrumb":{"@id":"https:\/\/parablau.com\/galerie\/2015\/02\/04\/lost-german-girl\/#breadcrumb"},"inLanguage":"de","potentialAction":[{"@type":"ReadAction","target":["https:\/\/parablau.com\/galerie\/2015\/02\/04\/lost-german-girl\/"]}]},{"@type":"ImageObject","inLanguage":"de","@id":"https:\/\/parablau.com\/galerie\/2015\/02\/04\/lost-german-girl\/#primaryimage","url":"https:\/\/parablau.com\/galerie\/wp-content\/uploads\/2024\/08\/LGG-3.jpg","contentUrl":"https:\/\/parablau.com\/galerie\/wp-content\/uploads\/2024\/08\/LGG-3.jpg","width":768,"height":430},{"@type":"BreadcrumbList","@id":"https:\/\/parablau.com\/galerie\/2015\/02\/04\/lost-german-girl\/#breadcrumb","itemListElement":[{"@type":"ListItem","position":1,"name":"Startseite","item":"https:\/\/parablau.com\/galerie\/"},{"@type":"ListItem","position":2,"name":"LOST GERMAN GIRL"}]},{"@type":"WebSite","@id":"https:\/\/parablau.com\/galerie\/#website","url":"https:\/\/parablau.com\/galerie\/","name":"parablau","description":"Galerie und Kunstprojekte in der Blauen Fabrik Dresden","publisher":{"@id":"https:\/\/parablau.com\/galerie\/#organization"},"potentialAction":[{"@type":"SearchAction","target":{"@type":"EntryPoint","urlTemplate":"https:\/\/parablau.com\/galerie\/?s={search_term_string}"},"query-input":{"@type":"PropertyValueSpecification","valueRequired":true,"valueName":"search_term_string"}}],"inLanguage":"de"},{"@type":"Organization","@id":"https:\/\/parablau.com\/galerie\/#organization","name":"parablau","url":"https:\/\/parablau.com\/galerie\/","logo":{"@type":"ImageObject","inLanguage":"de","@id":"https:\/\/parablau.com\/galerie\/#\/schema\/logo\/image\/","url":"https:\/\/parablau.com\/galerie\/wp-content\/uploads\/2023\/11\/cropped-parablau-logo-kiwi-picasso-2-2a5f6e-1.png","contentUrl":"https:\/\/parablau.com\/galerie\/wp-content\/uploads\/2023\/11\/cropped-parablau-logo-kiwi-picasso-2-2a5f6e-1.png","width":3467,"height":4275,"caption":"parablau"},"image":{"@id":"https:\/\/parablau.com\/galerie\/#\/schema\/logo\/image\/"}},{"@type":"Person","@id":"https:\/\/parablau.com\/galerie\/#\/schema\/person\/de57857d13ad8a61aa7ca445ea36e128","name":"kuratorin","image":{"@type":"ImageObject","inLanguage":"de","@id":"https:\/\/secure.gravatar.com\/avatar\/dfcf008e44889dadf03d6380428e38d3d334db117a42c4c6de7e248b56b97a6f?s=96&d=mm&r=g","url":"https:\/\/secure.gravatar.com\/avatar\/dfcf008e44889dadf03d6380428e38d3d334db117a42c4c6de7e248b56b97a6f?s=96&d=mm&r=g","contentUrl":"https:\/\/secure.gravatar.com\/avatar\/dfcf008e44889dadf03d6380428e38d3d334db117a42c4c6de7e248b56b97a6f?s=96&d=mm&r=g","caption":"kuratorin"},"sameAs":["https:\/\/parablau.com\/galerie"],"url":"https:\/\/parablau.com\/galerie\/author\/kuratorin\/"}]}},"jetpack_featured_media_url":"https:\/\/parablau.com\/galerie\/wp-content\/uploads\/2024\/08\/LGG-3.jpg","jetpack_sharing_enabled":true,"_links":{"self":[{"href":"https:\/\/parablau.com\/galerie\/wp-json\/wp\/v2\/posts\/12256","targetHints":{"allow":["GET"]}}],"collection":[{"href":"https:\/\/parablau.com\/galerie\/wp-json\/wp\/v2\/posts"}],"about":[{"href":"https:\/\/parablau.com\/galerie\/wp-json\/wp\/v2\/types\/post"}],"author":[{"embeddable":true,"href":"https:\/\/parablau.com\/galerie\/wp-json\/wp\/v2\/users\/1"}],"replies":[{"embeddable":true,"href":"https:\/\/parablau.com\/galerie\/wp-json\/wp\/v2\/comments?post=12256"}],"version-history":[{"count":4,"href":"https:\/\/parablau.com\/galerie\/wp-json\/wp\/v2\/posts\/12256\/revisions"}],"predecessor-version":[{"id":12261,"href":"https:\/\/parablau.com\/galerie\/wp-json\/wp\/v2\/posts\/12256\/revisions\/12261"}],"wp:featuredmedia":[{"embeddable":true,"href":"https:\/\/parablau.com\/galerie\/wp-json\/wp\/v2\/media\/12258"}],"wp:attachment":[{"href":"https:\/\/parablau.com\/galerie\/wp-json\/wp\/v2\/media?parent=12256"}],"wp:term":[{"taxonomy":"category","embeddable":true,"href":"https:\/\/parablau.com\/galerie\/wp-json\/wp\/v2\/categories?post=12256"},{"taxonomy":"post_tag","embeddable":true,"href":"https:\/\/parablau.com\/galerie\/wp-json\/wp\/v2\/tags?post=12256"}],"curies":[{"name":"wp","href":"https:\/\/api.w.org\/{rel}","templated":true}]}}