{"id":12246,"date":"2015-03-04T11:19:07","date_gmt":"2015-03-04T10:19:07","guid":{"rendered":"https:\/\/parablau.com\/galerie\/?p=12246"},"modified":"2024-08-04T11:23:53","modified_gmt":"2024-08-04T09:23:53","slug":"beruhrungen-2","status":"publish","type":"post","link":"https:\/\/parablau.com\/galerie\/2015\/03\/04\/beruhrungen-2\/","title":{"rendered":"BER\u00dcHRUNGEN"},"content":{"rendered":"\t\t<div data-elementor-type=\"wp-post\" data-elementor-id=\"12246\" class=\"elementor elementor-12246\">\n\t\t\t\t<div class=\"elementor-element elementor-element-2d9a1ad0 e-flex e-con-boxed e-con e-parent\" data-id=\"2d9a1ad0\" data-element_type=\"container\" data-e-type=\"container\">\n\t\t\t\t\t<div class=\"e-con-inner\">\n\t\t\t\t<div class=\"elementor-element elementor-element-1c46b12c elementor-widget elementor-widget-text-editor\" data-id=\"1c46b12c\" data-element_type=\"widget\" data-e-type=\"widget\" data-widget_type=\"text-editor.default\">\n\t\t\t\t<div class=\"elementor-widget-container\">\n\t\t\t\t\t\t\t\t\t<p><strong>M\u00c4RZ 2015<\/strong><\/p><p><strong>Malerei \/ Grafiken von Michael Kral und Holzskulpturen von Johann Kral<\/strong><\/p><p>6. M\u00e4rz bis 9. April<\/p><p>Vernissage Freitag 6. M\u00e4rz 19 Uhr<br \/>Einf\u00fchrung: Cornelia K\u00f6ckritz, Kuratorin [parablau].\u00a0Dipl. Heil. P\u00e4d. Eva Kral tr\u00e4gt die Laudatio vor.<br \/>Musikalische Umrahmung: echofreak &amp; almagnifico (Dresdner Ger\u00e4uschk\u00fcnstler)<\/p><p>&#8222;Malerei\/Zeichnungen und Holzskulpturen. Zweidimensionale und dreidimensionale Darstellungen. Vater und Sohn. Verbindendes und Trennendes und doch erkennt man vom ersten Betrachten an das Gemeinsame. Beide K\u00fcnstler lassen in ihren Werken eine sch\u00f6ne Klarheit erkennen, eine Tiefe, die den Betrachter in ihren Bann zieht. Beide sind sie nah dran am Leben, sind hochsensible Beobachter des Allt\u00e4glichen. Sowohl Vater als auch Sohn beherrschen ihre Kunst, sind exzellente Techniker. K<span class=\"text_exposed_show\">eine wilde Selbstzerfleischung sondern scheinbar m\u00fchelose Konfrontation mit dem Leben und seinen Erscheinungen. Kral Junior ist Suchender, tastet in verschiedene Richtungen. Kral Senior ist gefestigt aber keineswegs fest. Bei ihm ist die facettenreiche Ausdruckskraft Leidenschaft. Sein Werk ist von einer gro\u00dfartigen Leichtigkeit gepr\u00e4gt, welche das Betrachten seiner Bilder zum Hochgenuss werden l\u00e4sst. Auch Johann Krals Skulpturen sind von gro\u00dfer Reife und Sch\u00f6nheit. Eine wunderbare Idee, dass sich die Werke nun in einer gemeinsamen Ausstellung harmonisch ber\u00fchren k\u00f6nnen.&#8220;<br \/>(Text: Anke Donath)<\/span><\/p><p><strong>MICHAEL KRAL<\/strong> \u2013 Maler, Grafiker, Kommunikationsdesigner, Fotograf und Musiker<br \/>Michael Kral (Jahrgang 1970) lebt und arbeitet in der Dresdner Neustadt. Er liebt aber auch die Weite der Landschaft. Feinstrichig beschreibt er sie in eindr\u00fccklichen \u00d6lpastellzeichnungen. F\u00fcr Kral ist der Augenblick vor der Natur wichtig, deren Konzentrat er aus bewegten, oft unruhigen, mit wei\u00df aufgehellten Bildfl\u00e4chen herstellt, die kubisch aufgebaut sind, dennoch lyrisch anmuten und auch impressionistische Stimmungen erzeugen. Seine \u00d6l- und Acrylbilder weisen den Maler als Kenner von Form und Farbe aus, der die Gro\u00dfstadt liebt und ihr ihren eigenen Charme abgewinnt. Die gro\u00dfen Formate auf Leinwand beeindrucken durch die Leichtigkeit der Wahrnehmung und die r\u00e4umliche Ausdehnung in die Bildtiefe. Dagegen sind die Arbeiten auf Papier eher von Innen heraus gesteuert, wobei der Strich oft gegen die Form arbeitet. Kral w\u00e4hlt Ausschnitte mit gro\u00dfer kompositorischer Kraft. Sie spiegeln sowohl sein Wesen als St\u00e4dter als auch seine gro\u00dfe Naturverbundenheit wieder.<br \/>weitere Infos: <a href=\"http:\/\/l.facebook.com\/l.php?u=http%3A%2F%2Fwww.kral-artifex.com%2F&amp;h=HAQFBmWU5&amp;enc=AZMcJx3Z5oGhgfTV1-qUvtRlIzJY3E86_qte6eCsnJhA8ufdfl8xI5n9PgiHu-_xDNY&amp;s=1\" target=\"_blank\" rel=\"nofollow nofollow noopener\">www.kral-artifex.com<\/a><\/p><p><strong>JOHANN KRAL<\/strong> \u2013 Holzbildhauermeister<br \/>Der in Dresden 1990 geborene Bildhauermeister Johann Kral hat sich frisch aus M\u00fcnchen wieder in seinem Geburtsort eingefunden und fesselt mit seinen lebendig wirkenden Skulpturen, die eine Momentaufnahme im Holz festhalten. Detailliert und dennoch naiv und fruchtig grob bearbeitet er seine Figuren und f\u00e4ngt dich im Augenblick. Seine Werke ziehen in Erinnerungen, Tr\u00e4ume und im Hier und Jetzt. Sie ber\u00fchren!<br \/>weitere Infos: <a href=\"http:\/\/l.facebook.com\/l.php?u=http%3A%2F%2Fwww.johann-kral.blogspot.com%2F&amp;h=YAQH7-1Ui&amp;enc=AZPfIIrZ6YvHt6k5czqfQHpTr5hsCbL-YT0T_Y9dw8uX_M_yPosxhs_5WklENHVd7ww&amp;s=1\" target=\"_blank\" rel=\"nofollow nofollow noopener\">www.johann-kral.blogspot.c<wbr \/>om<\/a><\/p>\t\t\t\t\t\t\t\t<\/div>\n\t\t\t\t<\/div>\n\t\t\t\t\t<\/div>\n\t\t\t\t<\/div>\n\t\t<div class=\"elementor-element elementor-element-25d82f4 e-flex e-con-boxed e-con e-parent\" data-id=\"25d82f4\" data-element_type=\"container\" data-e-type=\"container\">\n\t\t\t\t\t<div class=\"e-con-inner\">\n\t\t\t\t<div class=\"elementor-element elementor-element-5ad4a62 elementor-widget elementor-widget-spacer\" data-id=\"5ad4a62\" data-element_type=\"widget\" data-e-type=\"widget\" data-widget_type=\"spacer.default\">\n\t\t\t\t<div class=\"elementor-widget-container\">\n\t\t\t\t\t\t\t<div class=\"elementor-spacer\">\n\t\t\t<div class=\"elementor-spacer-inner\"><\/div>\n\t\t<\/div>\n\t\t\t\t\t\t<\/div>\n\t\t\t\t<\/div>\n\t\t\t\t\t<\/div>\n\t\t\t\t<\/div>\n\t\t<div class=\"elementor-element elementor-element-4ff5acf e-flex e-con-boxed e-con e-parent\" data-id=\"4ff5acf\" data-element_type=\"container\" data-e-type=\"container\">\n\t\t\t\t\t<div class=\"e-con-inner\">\n\t\t\t\t<div class=\"elementor-element elementor-element-1989136 elementor-widget elementor-widget-image\" data-id=\"1989136\" data-element_type=\"widget\" data-e-type=\"widget\" data-widget_type=\"image.default\">\n\t\t\t\t<div class=\"elementor-widget-container\">\n\t\t\t\t\t\t\t\t\t\t\t\t\t\t\t<img fetchpriority=\"high\" decoding=\"async\" width=\"768\" height=\"512\" src=\"https:\/\/parablau.com\/galerie\/wp-content\/uploads\/2024\/08\/Maerz-Krals-768x512.jpg\" class=\"attachment-medium_large size-medium_large wp-image-12248\" alt=\"\" srcset=\"https:\/\/parablau.com\/galerie\/wp-content\/uploads\/2024\/08\/Maerz-Krals-768x512.jpg 768w, https:\/\/parablau.com\/galerie\/wp-content\/uploads\/2024\/08\/Maerz-Krals-300x200.jpg 300w, https:\/\/parablau.com\/galerie\/wp-content\/uploads\/2024\/08\/Maerz-Krals-600x400.jpg 600w, https:\/\/parablau.com\/galerie\/wp-content\/uploads\/2024\/08\/Maerz-Krals.jpg 1024w\" sizes=\"(max-width: 768px) 100vw, 768px\" \/>\t\t\t\t\t\t\t\t\t\t\t\t\t\t\t<\/div>\n\t\t\t\t<\/div>\n\t\t\t\t\t<\/div>\n\t\t\t\t<\/div>\n\t\t<div class=\"elementor-element elementor-element-3fa04a7 e-flex e-con-boxed e-con e-parent\" data-id=\"3fa04a7\" data-element_type=\"container\" data-e-type=\"container\">\n\t\t\t\t\t<div class=\"e-con-inner\">\n\t\t\t\t<div class=\"elementor-element elementor-element-5f1db45 elementor-widget elementor-widget-spacer\" data-id=\"5f1db45\" data-element_type=\"widget\" data-e-type=\"widget\" data-widget_type=\"spacer.default\">\n\t\t\t\t<div class=\"elementor-widget-container\">\n\t\t\t\t\t\t\t<div class=\"elementor-spacer\">\n\t\t\t<div class=\"elementor-spacer-inner\"><\/div>\n\t\t<\/div>\n\t\t\t\t\t\t<\/div>\n\t\t\t\t<\/div>\n\t\t\t\t\t<\/div>\n\t\t\t\t<\/div>\n\t\t<div class=\"elementor-element elementor-element-13cbdb2 e-flex e-con-boxed e-con e-parent\" data-id=\"13cbdb2\" data-element_type=\"container\" data-e-type=\"container\">\n\t\t\t\t\t<div class=\"e-con-inner\">\n\t\t\t\t<div class=\"elementor-element elementor-element-68407fa elementor-widget elementor-widget-text-editor\" data-id=\"68407fa\" data-element_type=\"widget\" data-e-type=\"widget\" data-widget_type=\"text-editor.default\">\n\t\t\t\t<div class=\"elementor-widget-container\">\n\t\t\t\t\t\t\t\t\t<p><strong>\u010cZ<\/strong><\/p><p>\u00a0<\/p><p><strong>Malby \/ Grafiky Michaela Krale a d\u0159ev\u011bn\u00e9 sochy od Johannese Krale<\/strong><\/p><p>od 6. b\u0159ezna do 9. dubna<\/p><p>Vernis\u00e1\u017e v p\u00e1tek 6. b\u0159ezna v 19 hodin<br \/>Uveden\u00ed: Cornelia K\u00f6ckritz, Kur\u00e1torka [parablau].\u00a0Dipl. Heil. P\u00e4d. Eva Kral p\u0159ednese Laudatio.<br \/>Hudebn\u00ed doprovod: echofreak &amp; almagnifico (Dr\u00e1\u017e\u010fan\u0161t\u00ed um\u011blci \u0161umu)<\/p><p>\u201cMalby\/grafiky a d\u0159ev\u011bn\u00e9 sochy. Dvou dimenzion\u00e1ln\u00ed a t\u0159\u00ed dimenzion\u00e1ln\u00ed v\u00fdstavy. Otec a syn. Spojen\u00e9 a odd\u011blen\u00e9 a p\u0159ece se pozn\u00e1 na prvn\u00ed pohled to spole\u010dn\u00e9. Oba dva um\u011blci zanech\u00e1vaj\u00ed v jejich d\u00edlech kr\u00e1snou srozumitelnost, hloubku, v kter\u00e9 pozorovatel vn\u00edm\u00e1 kouzlo. Oba dva jsou si bl\u00edzc\u00ed v \u017eivot\u011b, jsou velmi citliv\u00ed pozorovatel\u00e9 v\u0161edn\u00edch v\u011bc\u00ed. Jak otec tak syn ovl\u00e1daj\u00ed jejich um\u011bn\u00ed, jsou excelentn\u00ed technici. \u017d\u00e1dn\u00e1\u00a0 divok\u00e1 p\u0159ehnan\u00e1 sebekritika ale\u00a0 z\u0159ejm\u00e1 lehk\u00e1 konfrontace \u017eivota a\u00a0 jeho projev. Kral junior je hledaj\u00edc\u00ed, sah\u00e1 do r\u016fzn\u00fdch sm\u011br\u016f. Kral senior je\u00a0 stabilizovan\u00fd ale v \u017e\u00e1dn\u00e9m p\u0159\u00edpad\u011b ne napevno. U n\u011bj je facettovan\u00e1 s\u00edla vyj\u00e1d\u0159en\u00ed v\u00e1\u0161n\u011b. Jeho d\u00edlo je ovlivn\u011bno velkolepou lehkost\u00ed, kter\u00e1 dovoluje pozorov\u00e1n\u00ed jeho obraz\u016f s velk\u00fdm po\u017eitkem. Tak\u00e9 sochy Johanna Krale jsou pln\u00e9 vyzr\u00e1losti a kr\u00e1sy, jeden vynikaj\u00edc\u00ed n\u00e1pad, aby se d\u00edla vz\u00e1jemn\u011b harmonicky dot\u00fdkala na spole\u010dn\u00e9 v\u00fdstav\u011b.<br \/>(Text: Anke Donath)<\/p><p>MICHAEL KRAL \u2013 Mal\u00ed\u0159, grafik, designer komunikace, fotograf a hudebn\u00edk<br \/>Michael Kral (ro\u010dn\u00edk 1970) \u017eije a pracuje v Dr\u00e1\u017e\u010fansk\u00e9m Nov\u00e9m m\u011bst\u011b.\u00a0 M\u00e1 r\u00e1d ale i \u0161irokou krajinu. Jemn\u00fdmi tahy ji popisuje v d\u016frazn\u00fdch olejovo pastelov\u00fdch kresb\u00e1ch. Pro Krale je okam\u017eik p\u0159\u00edrody d\u016fle\u017eit\u00fd, jeho soust\u0159ed\u011bnost vych\u00e1z\u00ed z pohybliv\u00e9ho, \u010dasto neklidn\u00e9ho prost\u0159ed\u00ed, zjasn\u011bn\u00fdch b\u00edl\u00fdmi optick\u00fdmi obrazov\u00fdmi plochami, kter\u00e9 jsou kubicky sestaveny, p\u0159esto lyricky p\u016fsob\u00edc\u00ed a tak\u00e9 vytv\u00e1\u0159ej\u00ed impresionistick\u00e9 n\u00e1lady. Jeho olejov\u00e9 a akrylov\u00e9 obrazy ukazuj\u00ed mal\u00ed\u0159e jako znalce formy a barvy, kter\u00fd m\u00e1 r\u00e1d velkom\u011bsto a obehr\u00e1v\u00e1 jeho vlastn\u00ed \u0161arm. Velk\u00e9 form\u00e1ty na pl\u00e1tn\u011b d\u011blaj\u00ed dojem svou lehkost\u00ed vn\u00edm\u00e1n\u00ed a prostorovou rozlohou v hloubce obrazu.\u00a0 Oproti tomu jsou d\u00edla na pap\u00ed\u0159e sp\u00ed\u0161e sm\u011b\u0159ov\u00e1ny ze st\u0159edu ven, p\u0159itom linie pracuje proti form\u011b.\u00a0 Kral vol\u00ed v\u00fd\u0159ezy s velkou kompozi\u010dn\u00ed s\u00edlou. Toto odr\u00e1\u017e\u00ed jak jeho m\u011bstsk\u00fd charakter tak jeho spojen\u00ed s p\u0159\u00edrodou.<br \/>Dal\u0161\u00ed informace: <a href=\"http:\/\/l.facebook.com\/l.php?u=http%3A%2F%2Fwww.kral-artifex.com%2F&amp;h=HAQFBmWU5&amp;enc=AZMcJx3Z5oGhgfTV1-qUvtRlIzJY3E86_qte6eCsnJhA8ufdfl8xI5n9PgiHu-_xDNY&amp;s=1\" target=\"_blank\" rel=\"nofollow nofollow noopener\">www.kral-artifex.com<\/a><\/p><p>JOHANN KRAL \u2013 Socha\u0159 d\u0159ev\u011bn\u00fdch d\u011bl<br \/>Socha\u0159 narozen\u00fd v Dr\u00e1\u017e\u010fanech v roce 1990 Johann Kral se ned\u00e1vno vr\u00e1til z Mnichova zp\u011bt do sv\u00e9ho rodi\u0161t\u011b\u00a0 a zauj\u00edm\u00e1 ve\u0159ejnost jeho \u017eiv\u011b p\u016fsob\u00edc\u00edmi sochami, kter\u00e9 zanech\u00e1vaj\u00ed momentky ve d\u0159ev\u011b. Detailn\u011b a p\u0159itom naivn\u011b a \u0161\u0165avnat\u011b nahrubo zpracov\u00e1v\u00e1 jeho figury a zachycuje T\u011b v okam\u017eiku. Jeho d\u00edla vtahuj\u00ed do vzpom\u00ednek, sn\u016f a tady a hned. Dot\u00fdkaj\u00ed se!<br \/>Dal\u0161\u00ed informace:<a href=\"http:\/\/l.facebook.com\/l.php?u=http%3A%2F%2Fwww.johann-kral.blogspot.com%2F&amp;h=YAQH7-1Ui&amp;enc=AZPfIIrZ6YvHt6k5czqfQHpTr5hsCbL-YT0T_Y9dw8uX_M_yPosxhs_5WklENHVd7ww&amp;s=1\" target=\"_blank\" rel=\"nofollow nofollow noopener\">www.johann-kral.<wbr \/>blogspot.com<\/a><\/p>\t\t\t\t\t\t\t\t<\/div>\n\t\t\t\t<\/div>\n\t\t\t\t\t<\/div>\n\t\t\t\t<\/div>\n\t\t\t\t<\/div>\n\t\t","protected":false},"excerpt":{"rendered":"<p>Malerei \/ Grafiken von Michael Kral und Holzskulpturen von Johann Kral<\/p>\n","protected":false},"author":1,"featured_media":12248,"comment_status":"closed","ping_status":"closed","sticky":false,"template":"","format":"standard","meta":{"_tbt_post_transparent":"","_tbt_post_title":"","_tbt_post_layout":"","_tbt_post_sidebar_id":"","_tbt_post_content_style":"","_tbt_post_vertical_padding":"","_tbt_post_feature":"","_tbt_post_feature_position":"","_tbt_post_header":false,"_tbt_post_footer":false,"_jetpack_memberships_contains_paid_content":false},"categories":[77],"tags":[],"class_list":["post-12246","post","type-post","status-publish","format-standard","has-post-thumbnail","hentry","category-77"],"yoast_head":"<!-- This site is optimized with the Yoast SEO plugin v27.5 - https:\/\/yoast.com\/product\/yoast-seo-wordpress\/ -->\n<title>BER\u00dcHRUNGEN - parablau<\/title>\n<meta name=\"robots\" content=\"index, follow, max-snippet:-1, max-image-preview:large, max-video-preview:-1\" \/>\n<link rel=\"canonical\" href=\"https:\/\/parablau.com\/galerie\/2015\/03\/04\/beruhrungen-2\/\" \/>\n<meta property=\"og:locale\" content=\"de_DE\" \/>\n<meta property=\"og:type\" content=\"article\" \/>\n<meta property=\"og:title\" content=\"BER\u00dcHRUNGEN - parablau\" \/>\n<meta property=\"og:description\" content=\"Malerei \/ Grafiken von Michael Kral und Holzskulpturen von Johann Kral\" \/>\n<meta property=\"og:url\" content=\"https:\/\/parablau.com\/galerie\/2015\/03\/04\/beruhrungen-2\/\" \/>\n<meta property=\"og:site_name\" content=\"parablau\" \/>\n<meta property=\"article:published_time\" content=\"2015-03-04T10:19:07+00:00\" \/>\n<meta property=\"article:modified_time\" content=\"2024-08-04T09:23:53+00:00\" \/>\n<meta property=\"og:image\" content=\"https:\/\/parablau.com\/galerie\/wp-content\/uploads\/2024\/08\/Maerz-Krals.jpg\" \/>\n\t<meta property=\"og:image:width\" content=\"1024\" \/>\n\t<meta property=\"og:image:height\" content=\"683\" \/>\n\t<meta property=\"og:image:type\" content=\"image\/jpeg\" \/>\n<meta name=\"author\" content=\"kuratorin\" \/>\n<meta name=\"twitter:card\" content=\"summary_large_image\" \/>\n<meta name=\"twitter:label1\" content=\"Verfasst von\" \/>\n\t<meta name=\"twitter:data1\" content=\"kuratorin\" \/>\n\t<meta name=\"twitter:label2\" content=\"Gesch\u00e4tzte Lesezeit\" \/>\n\t<meta name=\"twitter:data2\" content=\"5\u00a0Minuten\" \/>\n<script type=\"application\/ld+json\" class=\"yoast-schema-graph\">{\"@context\":\"https:\\\/\\\/schema.org\",\"@graph\":[{\"@type\":\"Article\",\"@id\":\"https:\\\/\\\/parablau.com\\\/galerie\\\/2015\\\/03\\\/04\\\/beruhrungen-2\\\/#article\",\"isPartOf\":{\"@id\":\"https:\\\/\\\/parablau.com\\\/galerie\\\/2015\\\/03\\\/04\\\/beruhrungen-2\\\/\"},\"author\":{\"name\":\"kuratorin\",\"@id\":\"https:\\\/\\\/parablau.com\\\/galerie\\\/#\\\/schema\\\/person\\\/de57857d13ad8a61aa7ca445ea36e128\"},\"headline\":\"BER\u00dcHRUNGEN\",\"datePublished\":\"2015-03-04T10:19:07+00:00\",\"dateModified\":\"2024-08-04T09:23:53+00:00\",\"mainEntityOfPage\":{\"@id\":\"https:\\\/\\\/parablau.com\\\/galerie\\\/2015\\\/03\\\/04\\\/beruhrungen-2\\\/\"},\"wordCount\":958,\"publisher\":{\"@id\":\"https:\\\/\\\/parablau.com\\\/galerie\\\/#organization\"},\"image\":{\"@id\":\"https:\\\/\\\/parablau.com\\\/galerie\\\/2015\\\/03\\\/04\\\/beruhrungen-2\\\/#primaryimage\"},\"thumbnailUrl\":\"https:\\\/\\\/parablau.com\\\/galerie\\\/wp-content\\\/uploads\\\/2024\\\/08\\\/Maerz-Krals.jpg\",\"articleSection\":[\"2015\"],\"inLanguage\":\"de\"},{\"@type\":\"WebPage\",\"@id\":\"https:\\\/\\\/parablau.com\\\/galerie\\\/2015\\\/03\\\/04\\\/beruhrungen-2\\\/\",\"url\":\"https:\\\/\\\/parablau.com\\\/galerie\\\/2015\\\/03\\\/04\\\/beruhrungen-2\\\/\",\"name\":\"BER\u00dcHRUNGEN - parablau\",\"isPartOf\":{\"@id\":\"https:\\\/\\\/parablau.com\\\/galerie\\\/#website\"},\"primaryImageOfPage\":{\"@id\":\"https:\\\/\\\/parablau.com\\\/galerie\\\/2015\\\/03\\\/04\\\/beruhrungen-2\\\/#primaryimage\"},\"image\":{\"@id\":\"https:\\\/\\\/parablau.com\\\/galerie\\\/2015\\\/03\\\/04\\\/beruhrungen-2\\\/#primaryimage\"},\"thumbnailUrl\":\"https:\\\/\\\/parablau.com\\\/galerie\\\/wp-content\\\/uploads\\\/2024\\\/08\\\/Maerz-Krals.jpg\",\"datePublished\":\"2015-03-04T10:19:07+00:00\",\"dateModified\":\"2024-08-04T09:23:53+00:00\",\"breadcrumb\":{\"@id\":\"https:\\\/\\\/parablau.com\\\/galerie\\\/2015\\\/03\\\/04\\\/beruhrungen-2\\\/#breadcrumb\"},\"inLanguage\":\"de\",\"potentialAction\":[{\"@type\":\"ReadAction\",\"target\":[\"https:\\\/\\\/parablau.com\\\/galerie\\\/2015\\\/03\\\/04\\\/beruhrungen-2\\\/\"]}]},{\"@type\":\"ImageObject\",\"inLanguage\":\"de\",\"@id\":\"https:\\\/\\\/parablau.com\\\/galerie\\\/2015\\\/03\\\/04\\\/beruhrungen-2\\\/#primaryimage\",\"url\":\"https:\\\/\\\/parablau.com\\\/galerie\\\/wp-content\\\/uploads\\\/2024\\\/08\\\/Maerz-Krals.jpg\",\"contentUrl\":\"https:\\\/\\\/parablau.com\\\/galerie\\\/wp-content\\\/uploads\\\/2024\\\/08\\\/Maerz-Krals.jpg\",\"width\":1024,\"height\":683},{\"@type\":\"BreadcrumbList\",\"@id\":\"https:\\\/\\\/parablau.com\\\/galerie\\\/2015\\\/03\\\/04\\\/beruhrungen-2\\\/#breadcrumb\",\"itemListElement\":[{\"@type\":\"ListItem\",\"position\":1,\"name\":\"Startseite\",\"item\":\"https:\\\/\\\/parablau.com\\\/galerie\\\/\"},{\"@type\":\"ListItem\",\"position\":2,\"name\":\"BER\u00dcHRUNGEN\"}]},{\"@type\":\"WebSite\",\"@id\":\"https:\\\/\\\/parablau.com\\\/galerie\\\/#website\",\"url\":\"https:\\\/\\\/parablau.com\\\/galerie\\\/\",\"name\":\"parablau\",\"description\":\"Galerie und Kunstprojekte in der Blauen Fabrik Dresden\",\"publisher\":{\"@id\":\"https:\\\/\\\/parablau.com\\\/galerie\\\/#organization\"},\"potentialAction\":[{\"@type\":\"SearchAction\",\"target\":{\"@type\":\"EntryPoint\",\"urlTemplate\":\"https:\\\/\\\/parablau.com\\\/galerie\\\/?s={search_term_string}\"},\"query-input\":{\"@type\":\"PropertyValueSpecification\",\"valueRequired\":true,\"valueName\":\"search_term_string\"}}],\"inLanguage\":\"de\"},{\"@type\":\"Organization\",\"@id\":\"https:\\\/\\\/parablau.com\\\/galerie\\\/#organization\",\"name\":\"parablau\",\"url\":\"https:\\\/\\\/parablau.com\\\/galerie\\\/\",\"logo\":{\"@type\":\"ImageObject\",\"inLanguage\":\"de\",\"@id\":\"https:\\\/\\\/parablau.com\\\/galerie\\\/#\\\/schema\\\/logo\\\/image\\\/\",\"url\":\"https:\\\/\\\/parablau.com\\\/galerie\\\/wp-content\\\/uploads\\\/2023\\\/11\\\/cropped-parablau-logo-kiwi-picasso-2-2a5f6e-1.png\",\"contentUrl\":\"https:\\\/\\\/parablau.com\\\/galerie\\\/wp-content\\\/uploads\\\/2023\\\/11\\\/cropped-parablau-logo-kiwi-picasso-2-2a5f6e-1.png\",\"width\":3467,\"height\":4275,\"caption\":\"parablau\"},\"image\":{\"@id\":\"https:\\\/\\\/parablau.com\\\/galerie\\\/#\\\/schema\\\/logo\\\/image\\\/\"}},{\"@type\":\"Person\",\"@id\":\"https:\\\/\\\/parablau.com\\\/galerie\\\/#\\\/schema\\\/person\\\/de57857d13ad8a61aa7ca445ea36e128\",\"name\":\"kuratorin\",\"image\":{\"@type\":\"ImageObject\",\"inLanguage\":\"de\",\"@id\":\"https:\\\/\\\/secure.gravatar.com\\\/avatar\\\/dfcf008e44889dadf03d6380428e38d3d334db117a42c4c6de7e248b56b97a6f?s=96&d=mm&r=g\",\"url\":\"https:\\\/\\\/secure.gravatar.com\\\/avatar\\\/dfcf008e44889dadf03d6380428e38d3d334db117a42c4c6de7e248b56b97a6f?s=96&d=mm&r=g\",\"contentUrl\":\"https:\\\/\\\/secure.gravatar.com\\\/avatar\\\/dfcf008e44889dadf03d6380428e38d3d334db117a42c4c6de7e248b56b97a6f?s=96&d=mm&r=g\",\"caption\":\"kuratorin\"},\"sameAs\":[\"https:\\\/\\\/parablau.com\\\/galerie\"],\"url\":\"https:\\\/\\\/parablau.com\\\/galerie\\\/author\\\/kuratorin\\\/\"}]}<\/script>\n<!-- \/ Yoast SEO plugin. -->","yoast_head_json":{"title":"BER\u00dcHRUNGEN - parablau","robots":{"index":"index","follow":"follow","max-snippet":"max-snippet:-1","max-image-preview":"max-image-preview:large","max-video-preview":"max-video-preview:-1"},"canonical":"https:\/\/parablau.com\/galerie\/2015\/03\/04\/beruhrungen-2\/","og_locale":"de_DE","og_type":"article","og_title":"BER\u00dcHRUNGEN - parablau","og_description":"Malerei \/ Grafiken von Michael Kral und Holzskulpturen von Johann Kral","og_url":"https:\/\/parablau.com\/galerie\/2015\/03\/04\/beruhrungen-2\/","og_site_name":"parablau","article_published_time":"2015-03-04T10:19:07+00:00","article_modified_time":"2024-08-04T09:23:53+00:00","og_image":[{"width":1024,"height":683,"url":"https:\/\/parablau.com\/galerie\/wp-content\/uploads\/2024\/08\/Maerz-Krals.jpg","type":"image\/jpeg"}],"author":"kuratorin","twitter_card":"summary_large_image","twitter_misc":{"Verfasst von":"kuratorin","Gesch\u00e4tzte Lesezeit":"5\u00a0Minuten"},"schema":{"@context":"https:\/\/schema.org","@graph":[{"@type":"Article","@id":"https:\/\/parablau.com\/galerie\/2015\/03\/04\/beruhrungen-2\/#article","isPartOf":{"@id":"https:\/\/parablau.com\/galerie\/2015\/03\/04\/beruhrungen-2\/"},"author":{"name":"kuratorin","@id":"https:\/\/parablau.com\/galerie\/#\/schema\/person\/de57857d13ad8a61aa7ca445ea36e128"},"headline":"BER\u00dcHRUNGEN","datePublished":"2015-03-04T10:19:07+00:00","dateModified":"2024-08-04T09:23:53+00:00","mainEntityOfPage":{"@id":"https:\/\/parablau.com\/galerie\/2015\/03\/04\/beruhrungen-2\/"},"wordCount":958,"publisher":{"@id":"https:\/\/parablau.com\/galerie\/#organization"},"image":{"@id":"https:\/\/parablau.com\/galerie\/2015\/03\/04\/beruhrungen-2\/#primaryimage"},"thumbnailUrl":"https:\/\/parablau.com\/galerie\/wp-content\/uploads\/2024\/08\/Maerz-Krals.jpg","articleSection":["2015"],"inLanguage":"de"},{"@type":"WebPage","@id":"https:\/\/parablau.com\/galerie\/2015\/03\/04\/beruhrungen-2\/","url":"https:\/\/parablau.com\/galerie\/2015\/03\/04\/beruhrungen-2\/","name":"BER\u00dcHRUNGEN - parablau","isPartOf":{"@id":"https:\/\/parablau.com\/galerie\/#website"},"primaryImageOfPage":{"@id":"https:\/\/parablau.com\/galerie\/2015\/03\/04\/beruhrungen-2\/#primaryimage"},"image":{"@id":"https:\/\/parablau.com\/galerie\/2015\/03\/04\/beruhrungen-2\/#primaryimage"},"thumbnailUrl":"https:\/\/parablau.com\/galerie\/wp-content\/uploads\/2024\/08\/Maerz-Krals.jpg","datePublished":"2015-03-04T10:19:07+00:00","dateModified":"2024-08-04T09:23:53+00:00","breadcrumb":{"@id":"https:\/\/parablau.com\/galerie\/2015\/03\/04\/beruhrungen-2\/#breadcrumb"},"inLanguage":"de","potentialAction":[{"@type":"ReadAction","target":["https:\/\/parablau.com\/galerie\/2015\/03\/04\/beruhrungen-2\/"]}]},{"@type":"ImageObject","inLanguage":"de","@id":"https:\/\/parablau.com\/galerie\/2015\/03\/04\/beruhrungen-2\/#primaryimage","url":"https:\/\/parablau.com\/galerie\/wp-content\/uploads\/2024\/08\/Maerz-Krals.jpg","contentUrl":"https:\/\/parablau.com\/galerie\/wp-content\/uploads\/2024\/08\/Maerz-Krals.jpg","width":1024,"height":683},{"@type":"BreadcrumbList","@id":"https:\/\/parablau.com\/galerie\/2015\/03\/04\/beruhrungen-2\/#breadcrumb","itemListElement":[{"@type":"ListItem","position":1,"name":"Startseite","item":"https:\/\/parablau.com\/galerie\/"},{"@type":"ListItem","position":2,"name":"BER\u00dcHRUNGEN"}]},{"@type":"WebSite","@id":"https:\/\/parablau.com\/galerie\/#website","url":"https:\/\/parablau.com\/galerie\/","name":"parablau","description":"Galerie und Kunstprojekte in der Blauen Fabrik Dresden","publisher":{"@id":"https:\/\/parablau.com\/galerie\/#organization"},"potentialAction":[{"@type":"SearchAction","target":{"@type":"EntryPoint","urlTemplate":"https:\/\/parablau.com\/galerie\/?s={search_term_string}"},"query-input":{"@type":"PropertyValueSpecification","valueRequired":true,"valueName":"search_term_string"}}],"inLanguage":"de"},{"@type":"Organization","@id":"https:\/\/parablau.com\/galerie\/#organization","name":"parablau","url":"https:\/\/parablau.com\/galerie\/","logo":{"@type":"ImageObject","inLanguage":"de","@id":"https:\/\/parablau.com\/galerie\/#\/schema\/logo\/image\/","url":"https:\/\/parablau.com\/galerie\/wp-content\/uploads\/2023\/11\/cropped-parablau-logo-kiwi-picasso-2-2a5f6e-1.png","contentUrl":"https:\/\/parablau.com\/galerie\/wp-content\/uploads\/2023\/11\/cropped-parablau-logo-kiwi-picasso-2-2a5f6e-1.png","width":3467,"height":4275,"caption":"parablau"},"image":{"@id":"https:\/\/parablau.com\/galerie\/#\/schema\/logo\/image\/"}},{"@type":"Person","@id":"https:\/\/parablau.com\/galerie\/#\/schema\/person\/de57857d13ad8a61aa7ca445ea36e128","name":"kuratorin","image":{"@type":"ImageObject","inLanguage":"de","@id":"https:\/\/secure.gravatar.com\/avatar\/dfcf008e44889dadf03d6380428e38d3d334db117a42c4c6de7e248b56b97a6f?s=96&d=mm&r=g","url":"https:\/\/secure.gravatar.com\/avatar\/dfcf008e44889dadf03d6380428e38d3d334db117a42c4c6de7e248b56b97a6f?s=96&d=mm&r=g","contentUrl":"https:\/\/secure.gravatar.com\/avatar\/dfcf008e44889dadf03d6380428e38d3d334db117a42c4c6de7e248b56b97a6f?s=96&d=mm&r=g","caption":"kuratorin"},"sameAs":["https:\/\/parablau.com\/galerie"],"url":"https:\/\/parablau.com\/galerie\/author\/kuratorin\/"}]}},"jetpack_featured_media_url":"https:\/\/parablau.com\/galerie\/wp-content\/uploads\/2024\/08\/Maerz-Krals.jpg","jetpack_sharing_enabled":true,"_links":{"self":[{"href":"https:\/\/parablau.com\/galerie\/wp-json\/wp\/v2\/posts\/12246","targetHints":{"allow":["GET"]}}],"collection":[{"href":"https:\/\/parablau.com\/galerie\/wp-json\/wp\/v2\/posts"}],"about":[{"href":"https:\/\/parablau.com\/galerie\/wp-json\/wp\/v2\/types\/post"}],"author":[{"embeddable":true,"href":"https:\/\/parablau.com\/galerie\/wp-json\/wp\/v2\/users\/1"}],"replies":[{"embeddable":true,"href":"https:\/\/parablau.com\/galerie\/wp-json\/wp\/v2\/comments?post=12246"}],"version-history":[{"count":8,"href":"https:\/\/parablau.com\/galerie\/wp-json\/wp\/v2\/posts\/12246\/revisions"}],"predecessor-version":[{"id":12255,"href":"https:\/\/parablau.com\/galerie\/wp-json\/wp\/v2\/posts\/12246\/revisions\/12255"}],"wp:featuredmedia":[{"embeddable":true,"href":"https:\/\/parablau.com\/galerie\/wp-json\/wp\/v2\/media\/12248"}],"wp:attachment":[{"href":"https:\/\/parablau.com\/galerie\/wp-json\/wp\/v2\/media?parent=12246"}],"wp:term":[{"taxonomy":"category","embeddable":true,"href":"https:\/\/parablau.com\/galerie\/wp-json\/wp\/v2\/categories?post=12246"},{"taxonomy":"post_tag","embeddable":true,"href":"https:\/\/parablau.com\/galerie\/wp-json\/wp\/v2\/tags?post=12246"}],"curies":[{"name":"wp","href":"https:\/\/api.w.org\/{rel}","templated":true}]}}