{"id":12180,"date":"2016-07-04T09:38:17","date_gmt":"2016-07-04T07:38:17","guid":{"rendered":"https:\/\/parablau.com\/galerie\/?p=12180"},"modified":"2024-08-04T09:41:22","modified_gmt":"2024-08-04T07:41:22","slug":"heimat-verlust-was-bleibt","status":"publish","type":"post","link":"https:\/\/parablau.com\/galerie\/2016\/07\/04\/heimat-verlust-was-bleibt\/","title":{"rendered":"HEIMAT &#8211; VERLUST &#8211; Was bleibt?"},"content":{"rendered":"\t\t<div data-elementor-type=\"wp-post\" data-elementor-id=\"12180\" class=\"elementor elementor-12180\">\n\t\t\t\t<div class=\"elementor-element elementor-element-56fa48d4 e-flex e-con-boxed e-con e-parent\" data-id=\"56fa48d4\" data-element_type=\"container\" data-e-type=\"container\">\n\t\t\t\t\t<div class=\"e-con-inner\">\n\t\t\t\t<div class=\"elementor-element elementor-element-213cf76b elementor-widget elementor-widget-text-editor\" data-id=\"213cf76b\" data-element_type=\"widget\" data-e-type=\"widget\" data-widget_type=\"text-editor.default\">\n\t\t\t\t<div class=\"elementor-widget-container\">\n\t\t\t\t\t\t\t\t\t<p><strong>JULI\/AUGUST 2016<\/strong><\/p><p>Fotografien aus Hoyerswerda von Doreen Br\u00fcckner und aus Europa von Peter R. Fischer<\/p><p><b>25.07. bis 13.08.2016<\/b><\/p><p><b>Blaue Fabrik im Exil (K\u00f6nigsbr\u00fccker Stra\u00dfe 23<\/b><b>)<br \/><\/b><\/p><p>Vernissage: 25. Juli um 20 Uhr<\/p><p>Mit &#8222;authentischen Erinnerungen aus Hoyerswerda&#8220; von Steffen Retzlaff und &#8222;Heimatgedanken&#8220; von Peter R. Fischer<\/p><p>Heimat \u2013 ohne den Begriff wissenschaftlich definieren zu wollen \u2013 kann sehr Unterschiedliches sein: geografisch und\/oder politisch ein Land, eine Nation (?), eine Region, eine Landschaft, ein Ort. Menschlich aber auch eine Gemeinschaft. In jedem Fall ein Zugeh\u00f6rigkeitsgef\u00fchl sowohl in positiver als auch in negativer Hinsicht. Manchmal ein Kraftquell, eine Hilfe, manchmal eine Verpflichtung, eine Last.<\/p><p>Heimatverlust klingt nicht nach Freiwilligkeit und kann gleichfalls sehr unterschiedliche Ursachen haben: Krieg und Vertreibung, politische oder wirtschaftliche Umbr\u00fcche, auseinanderbrechende Familien aber auch die Suche nach besseren Existenzbedingungen, nach neuen Herausforderungen, nach wirtschaftlichem Neuanfang&#8230;<\/p><p>Heimatverlust ist Abschied und Anfang.<br \/>Die Menschen gehen, aber was bleibt?<br \/>Zwei Dresdner Fotografen haben an verschiedenen Orten dem \u201eWas bleibt\u201c nachgesp\u00fcrt.<\/p><p><b><br \/>Doreen Br\u00fcckner<\/b> war auf den neuen Brachen im s\u00e4chsischen Hoyerswerda fotografisch auf Spurensuche. Wo in den 50er bis 80er Jahren ganze Wohnkomplexe f\u00fcr die Besch\u00e4ftigten in der DDR-Kohle- und Energieindustrie des ehemaligen Energiebezirkes Cottbus neu entstanden waren, holt sich zwischen den zivilisatorischen \u00dcberbleibseln die Natur ihr Recht zur\u00fcck.<\/p><p>Direkte und indirekte Spuren hat <b>Peter R. Fischer<\/b> in verschiedenen L\u00e4ndern aufgesp\u00fcrt: Kriegswunden in Sarajevo und Mostar in Bosnien Herzegowina auch 20 Jahre nach dem Balkankrieg, der ein Land zerrissen und in mehrere zerteilt hat, deren Heimatlichkeit nicht identisch ist mit Landesgrenzen; eine italienische \u201eZwischenstation\u201c f\u00fcr afrikanische Immigranten, verlassene H\u00e4user in wirtschaftlich \u201everlorenen\u201c Regionen in Nordb\u00f6hmen in Spanien. Individuelle Verluste in Deutschland oder Frankreich. Und in Portugal auch den Ort gefunden, wo Europas schmutzige W\u00e4sche gewaschen wird\u2026<\/p>\t\t\t\t\t\t\t\t<\/div>\n\t\t\t\t<\/div>\n\t\t\t\t\t<\/div>\n\t\t\t\t<\/div>\n\t\t<div class=\"elementor-element elementor-element-efed324 e-flex e-con-boxed e-con e-parent\" data-id=\"efed324\" data-element_type=\"container\" data-e-type=\"container\">\n\t\t\t\t\t<div class=\"e-con-inner\">\n\t\t\t\t<div class=\"elementor-element elementor-element-a155540 elementor-widget elementor-widget-spacer\" data-id=\"a155540\" data-element_type=\"widget\" data-e-type=\"widget\" data-widget_type=\"spacer.default\">\n\t\t\t\t<div class=\"elementor-widget-container\">\n\t\t\t\t\t\t\t<div class=\"elementor-spacer\">\n\t\t\t<div class=\"elementor-spacer-inner\"><\/div>\n\t\t<\/div>\n\t\t\t\t\t\t<\/div>\n\t\t\t\t<\/div>\n\t\t\t\t\t<\/div>\n\t\t\t\t<\/div>\n\t\t<div class=\"elementor-element elementor-element-e1bc068 e-flex e-con-boxed e-con e-parent\" data-id=\"e1bc068\" data-element_type=\"container\" data-e-type=\"container\">\n\t\t\t\t\t<div class=\"e-con-inner\">\n\t\t\t\t<div class=\"elementor-element elementor-element-fca3e49 elementor-widget elementor-widget-image\" data-id=\"fca3e49\" data-element_type=\"widget\" data-e-type=\"widget\" data-widget_type=\"image.default\">\n\t\t\t\t<div class=\"elementor-widget-container\">\n\t\t\t\t\t\t\t\t\t\t\t\t\t\t\t<img fetchpriority=\"high\" decoding=\"async\" width=\"768\" height=\"543\" src=\"https:\/\/parablau.com\/galerie\/wp-content\/uploads\/2024\/08\/Teaser-768x543.jpg\" class=\"attachment-medium_large size-medium_large wp-image-12183\" alt=\"\" srcset=\"https:\/\/parablau.com\/galerie\/wp-content\/uploads\/2024\/08\/Teaser-768x543.jpg 768w, https:\/\/parablau.com\/galerie\/wp-content\/uploads\/2024\/08\/Teaser-300x212.jpg 300w, https:\/\/parablau.com\/galerie\/wp-content\/uploads\/2024\/08\/Teaser-1024x724.jpg 1024w, https:\/\/parablau.com\/galerie\/wp-content\/uploads\/2024\/08\/Teaser-1536x1086.jpg 1536w, https:\/\/parablau.com\/galerie\/wp-content\/uploads\/2024\/08\/Teaser-1320x933.jpg 1320w, https:\/\/parablau.com\/galerie\/wp-content\/uploads\/2024\/08\/Teaser-600x424.jpg 600w, https:\/\/parablau.com\/galerie\/wp-content\/uploads\/2024\/08\/Teaser.jpg 1754w\" sizes=\"(max-width: 768px) 100vw, 768px\" \/>\t\t\t\t\t\t\t\t\t\t\t\t\t\t\t<\/div>\n\t\t\t\t<\/div>\n\t\t\t\t\t<\/div>\n\t\t\t\t<\/div>\n\t\t\t\t<\/div>\n\t\t","protected":false},"excerpt":{"rendered":"<p>Fotografien aus Hoyerswerda von Doreen Br\u00fcckner und aus Europa von Peter R. Fischer<\/p>\n","protected":false},"author":1,"featured_media":12183,"comment_status":"closed","ping_status":"closed","sticky":false,"template":"","format":"standard","meta":{"_tbt_post_transparent":"","_tbt_post_title":"","_tbt_post_layout":"","_tbt_post_sidebar_id":"","_tbt_post_content_style":"","_tbt_post_vertical_padding":"","_tbt_post_feature":"","_tbt_post_feature_position":"","_tbt_post_header":false,"_tbt_post_footer":false,"_jetpack_memberships_contains_paid_content":false},"categories":[76],"tags":[],"class_list":["post-12180","post","type-post","status-publish","format-standard","has-post-thumbnail","hentry","category-76"],"yoast_head":"<!-- This site is optimized with the Yoast SEO plugin v27.5 - https:\/\/yoast.com\/product\/yoast-seo-wordpress\/ -->\n<title>HEIMAT - VERLUST - Was bleibt? - parablau<\/title>\n<meta name=\"robots\" content=\"index, follow, max-snippet:-1, max-image-preview:large, max-video-preview:-1\" \/>\n<link rel=\"canonical\" href=\"https:\/\/parablau.com\/galerie\/2016\/07\/04\/heimat-verlust-was-bleibt\/\" \/>\n<meta property=\"og:locale\" content=\"de_DE\" \/>\n<meta property=\"og:type\" content=\"article\" \/>\n<meta property=\"og:title\" content=\"HEIMAT - VERLUST - Was bleibt? - parablau\" \/>\n<meta property=\"og:description\" content=\"Fotografien aus Hoyerswerda von Doreen Br\u00fcckner und aus Europa von Peter R. Fischer\" \/>\n<meta property=\"og:url\" content=\"https:\/\/parablau.com\/galerie\/2016\/07\/04\/heimat-verlust-was-bleibt\/\" \/>\n<meta property=\"og:site_name\" content=\"parablau\" \/>\n<meta property=\"article:published_time\" content=\"2016-07-04T07:38:17+00:00\" \/>\n<meta property=\"article:modified_time\" content=\"2024-08-04T07:41:22+00:00\" \/>\n<meta property=\"og:image\" content=\"https:\/\/parablau.com\/galerie\/wp-content\/uploads\/2024\/08\/Teaser.jpg\" \/>\n\t<meta property=\"og:image:width\" content=\"1754\" \/>\n\t<meta property=\"og:image:height\" content=\"1240\" \/>\n\t<meta property=\"og:image:type\" content=\"image\/jpeg\" \/>\n<meta name=\"author\" content=\"kuratorin\" \/>\n<meta name=\"twitter:card\" content=\"summary_large_image\" \/>\n<meta name=\"twitter:label1\" content=\"Verfasst von\" \/>\n\t<meta name=\"twitter:data1\" content=\"kuratorin\" \/>\n\t<meta name=\"twitter:label2\" content=\"Gesch\u00e4tzte Lesezeit\" \/>\n\t<meta name=\"twitter:data2\" content=\"2\u00a0Minuten\" \/>\n<script type=\"application\/ld+json\" class=\"yoast-schema-graph\">{\"@context\":\"https:\\\/\\\/schema.org\",\"@graph\":[{\"@type\":\"Article\",\"@id\":\"https:\\\/\\\/parablau.com\\\/galerie\\\/2016\\\/07\\\/04\\\/heimat-verlust-was-bleibt\\\/#article\",\"isPartOf\":{\"@id\":\"https:\\\/\\\/parablau.com\\\/galerie\\\/2016\\\/07\\\/04\\\/heimat-verlust-was-bleibt\\\/\"},\"author\":{\"name\":\"kuratorin\",\"@id\":\"https:\\\/\\\/parablau.com\\\/galerie\\\/#\\\/schema\\\/person\\\/de57857d13ad8a61aa7ca445ea36e128\"},\"headline\":\"HEIMAT &#8211; VERLUST &#8211; Was bleibt?\",\"datePublished\":\"2016-07-04T07:38:17+00:00\",\"dateModified\":\"2024-08-04T07:41:22+00:00\",\"mainEntityOfPage\":{\"@id\":\"https:\\\/\\\/parablau.com\\\/galerie\\\/2016\\\/07\\\/04\\\/heimat-verlust-was-bleibt\\\/\"},\"wordCount\":299,\"publisher\":{\"@id\":\"https:\\\/\\\/parablau.com\\\/galerie\\\/#organization\"},\"image\":{\"@id\":\"https:\\\/\\\/parablau.com\\\/galerie\\\/2016\\\/07\\\/04\\\/heimat-verlust-was-bleibt\\\/#primaryimage\"},\"thumbnailUrl\":\"https:\\\/\\\/parablau.com\\\/galerie\\\/wp-content\\\/uploads\\\/2024\\\/08\\\/Teaser.jpg\",\"articleSection\":[\"2016\"],\"inLanguage\":\"de\"},{\"@type\":\"WebPage\",\"@id\":\"https:\\\/\\\/parablau.com\\\/galerie\\\/2016\\\/07\\\/04\\\/heimat-verlust-was-bleibt\\\/\",\"url\":\"https:\\\/\\\/parablau.com\\\/galerie\\\/2016\\\/07\\\/04\\\/heimat-verlust-was-bleibt\\\/\",\"name\":\"HEIMAT - VERLUST - Was bleibt? - parablau\",\"isPartOf\":{\"@id\":\"https:\\\/\\\/parablau.com\\\/galerie\\\/#website\"},\"primaryImageOfPage\":{\"@id\":\"https:\\\/\\\/parablau.com\\\/galerie\\\/2016\\\/07\\\/04\\\/heimat-verlust-was-bleibt\\\/#primaryimage\"},\"image\":{\"@id\":\"https:\\\/\\\/parablau.com\\\/galerie\\\/2016\\\/07\\\/04\\\/heimat-verlust-was-bleibt\\\/#primaryimage\"},\"thumbnailUrl\":\"https:\\\/\\\/parablau.com\\\/galerie\\\/wp-content\\\/uploads\\\/2024\\\/08\\\/Teaser.jpg\",\"datePublished\":\"2016-07-04T07:38:17+00:00\",\"dateModified\":\"2024-08-04T07:41:22+00:00\",\"breadcrumb\":{\"@id\":\"https:\\\/\\\/parablau.com\\\/galerie\\\/2016\\\/07\\\/04\\\/heimat-verlust-was-bleibt\\\/#breadcrumb\"},\"inLanguage\":\"de\",\"potentialAction\":[{\"@type\":\"ReadAction\",\"target\":[\"https:\\\/\\\/parablau.com\\\/galerie\\\/2016\\\/07\\\/04\\\/heimat-verlust-was-bleibt\\\/\"]}]},{\"@type\":\"ImageObject\",\"inLanguage\":\"de\",\"@id\":\"https:\\\/\\\/parablau.com\\\/galerie\\\/2016\\\/07\\\/04\\\/heimat-verlust-was-bleibt\\\/#primaryimage\",\"url\":\"https:\\\/\\\/parablau.com\\\/galerie\\\/wp-content\\\/uploads\\\/2024\\\/08\\\/Teaser.jpg\",\"contentUrl\":\"https:\\\/\\\/parablau.com\\\/galerie\\\/wp-content\\\/uploads\\\/2024\\\/08\\\/Teaser.jpg\",\"width\":1754,\"height\":1240},{\"@type\":\"BreadcrumbList\",\"@id\":\"https:\\\/\\\/parablau.com\\\/galerie\\\/2016\\\/07\\\/04\\\/heimat-verlust-was-bleibt\\\/#breadcrumb\",\"itemListElement\":[{\"@type\":\"ListItem\",\"position\":1,\"name\":\"Startseite\",\"item\":\"https:\\\/\\\/parablau.com\\\/galerie\\\/\"},{\"@type\":\"ListItem\",\"position\":2,\"name\":\"HEIMAT &#8211; VERLUST &#8211; Was bleibt?\"}]},{\"@type\":\"WebSite\",\"@id\":\"https:\\\/\\\/parablau.com\\\/galerie\\\/#website\",\"url\":\"https:\\\/\\\/parablau.com\\\/galerie\\\/\",\"name\":\"parablau\",\"description\":\"Galerie und Kunstprojekte in der Blauen Fabrik Dresden\",\"publisher\":{\"@id\":\"https:\\\/\\\/parablau.com\\\/galerie\\\/#organization\"},\"potentialAction\":[{\"@type\":\"SearchAction\",\"target\":{\"@type\":\"EntryPoint\",\"urlTemplate\":\"https:\\\/\\\/parablau.com\\\/galerie\\\/?s={search_term_string}\"},\"query-input\":{\"@type\":\"PropertyValueSpecification\",\"valueRequired\":true,\"valueName\":\"search_term_string\"}}],\"inLanguage\":\"de\"},{\"@type\":\"Organization\",\"@id\":\"https:\\\/\\\/parablau.com\\\/galerie\\\/#organization\",\"name\":\"parablau\",\"url\":\"https:\\\/\\\/parablau.com\\\/galerie\\\/\",\"logo\":{\"@type\":\"ImageObject\",\"inLanguage\":\"de\",\"@id\":\"https:\\\/\\\/parablau.com\\\/galerie\\\/#\\\/schema\\\/logo\\\/image\\\/\",\"url\":\"https:\\\/\\\/parablau.com\\\/galerie\\\/wp-content\\\/uploads\\\/2023\\\/11\\\/cropped-parablau-logo-kiwi-picasso-2-2a5f6e-1.png\",\"contentUrl\":\"https:\\\/\\\/parablau.com\\\/galerie\\\/wp-content\\\/uploads\\\/2023\\\/11\\\/cropped-parablau-logo-kiwi-picasso-2-2a5f6e-1.png\",\"width\":3467,\"height\":4275,\"caption\":\"parablau\"},\"image\":{\"@id\":\"https:\\\/\\\/parablau.com\\\/galerie\\\/#\\\/schema\\\/logo\\\/image\\\/\"}},{\"@type\":\"Person\",\"@id\":\"https:\\\/\\\/parablau.com\\\/galerie\\\/#\\\/schema\\\/person\\\/de57857d13ad8a61aa7ca445ea36e128\",\"name\":\"kuratorin\",\"image\":{\"@type\":\"ImageObject\",\"inLanguage\":\"de\",\"@id\":\"https:\\\/\\\/secure.gravatar.com\\\/avatar\\\/dfcf008e44889dadf03d6380428e38d3d334db117a42c4c6de7e248b56b97a6f?s=96&d=mm&r=g\",\"url\":\"https:\\\/\\\/secure.gravatar.com\\\/avatar\\\/dfcf008e44889dadf03d6380428e38d3d334db117a42c4c6de7e248b56b97a6f?s=96&d=mm&r=g\",\"contentUrl\":\"https:\\\/\\\/secure.gravatar.com\\\/avatar\\\/dfcf008e44889dadf03d6380428e38d3d334db117a42c4c6de7e248b56b97a6f?s=96&d=mm&r=g\",\"caption\":\"kuratorin\"},\"sameAs\":[\"https:\\\/\\\/parablau.com\\\/galerie\"],\"url\":\"https:\\\/\\\/parablau.com\\\/galerie\\\/author\\\/kuratorin\\\/\"}]}<\/script>\n<!-- \/ Yoast SEO plugin. -->","yoast_head_json":{"title":"HEIMAT - VERLUST - Was bleibt? - parablau","robots":{"index":"index","follow":"follow","max-snippet":"max-snippet:-1","max-image-preview":"max-image-preview:large","max-video-preview":"max-video-preview:-1"},"canonical":"https:\/\/parablau.com\/galerie\/2016\/07\/04\/heimat-verlust-was-bleibt\/","og_locale":"de_DE","og_type":"article","og_title":"HEIMAT - VERLUST - Was bleibt? - parablau","og_description":"Fotografien aus Hoyerswerda von Doreen Br\u00fcckner und aus Europa von Peter R. Fischer","og_url":"https:\/\/parablau.com\/galerie\/2016\/07\/04\/heimat-verlust-was-bleibt\/","og_site_name":"parablau","article_published_time":"2016-07-04T07:38:17+00:00","article_modified_time":"2024-08-04T07:41:22+00:00","og_image":[{"width":1754,"height":1240,"url":"https:\/\/parablau.com\/galerie\/wp-content\/uploads\/2024\/08\/Teaser.jpg","type":"image\/jpeg"}],"author":"kuratorin","twitter_card":"summary_large_image","twitter_misc":{"Verfasst von":"kuratorin","Gesch\u00e4tzte Lesezeit":"2\u00a0Minuten"},"schema":{"@context":"https:\/\/schema.org","@graph":[{"@type":"Article","@id":"https:\/\/parablau.com\/galerie\/2016\/07\/04\/heimat-verlust-was-bleibt\/#article","isPartOf":{"@id":"https:\/\/parablau.com\/galerie\/2016\/07\/04\/heimat-verlust-was-bleibt\/"},"author":{"name":"kuratorin","@id":"https:\/\/parablau.com\/galerie\/#\/schema\/person\/de57857d13ad8a61aa7ca445ea36e128"},"headline":"HEIMAT &#8211; VERLUST &#8211; Was bleibt?","datePublished":"2016-07-04T07:38:17+00:00","dateModified":"2024-08-04T07:41:22+00:00","mainEntityOfPage":{"@id":"https:\/\/parablau.com\/galerie\/2016\/07\/04\/heimat-verlust-was-bleibt\/"},"wordCount":299,"publisher":{"@id":"https:\/\/parablau.com\/galerie\/#organization"},"image":{"@id":"https:\/\/parablau.com\/galerie\/2016\/07\/04\/heimat-verlust-was-bleibt\/#primaryimage"},"thumbnailUrl":"https:\/\/parablau.com\/galerie\/wp-content\/uploads\/2024\/08\/Teaser.jpg","articleSection":["2016"],"inLanguage":"de"},{"@type":"WebPage","@id":"https:\/\/parablau.com\/galerie\/2016\/07\/04\/heimat-verlust-was-bleibt\/","url":"https:\/\/parablau.com\/galerie\/2016\/07\/04\/heimat-verlust-was-bleibt\/","name":"HEIMAT - VERLUST - Was bleibt? - parablau","isPartOf":{"@id":"https:\/\/parablau.com\/galerie\/#website"},"primaryImageOfPage":{"@id":"https:\/\/parablau.com\/galerie\/2016\/07\/04\/heimat-verlust-was-bleibt\/#primaryimage"},"image":{"@id":"https:\/\/parablau.com\/galerie\/2016\/07\/04\/heimat-verlust-was-bleibt\/#primaryimage"},"thumbnailUrl":"https:\/\/parablau.com\/galerie\/wp-content\/uploads\/2024\/08\/Teaser.jpg","datePublished":"2016-07-04T07:38:17+00:00","dateModified":"2024-08-04T07:41:22+00:00","breadcrumb":{"@id":"https:\/\/parablau.com\/galerie\/2016\/07\/04\/heimat-verlust-was-bleibt\/#breadcrumb"},"inLanguage":"de","potentialAction":[{"@type":"ReadAction","target":["https:\/\/parablau.com\/galerie\/2016\/07\/04\/heimat-verlust-was-bleibt\/"]}]},{"@type":"ImageObject","inLanguage":"de","@id":"https:\/\/parablau.com\/galerie\/2016\/07\/04\/heimat-verlust-was-bleibt\/#primaryimage","url":"https:\/\/parablau.com\/galerie\/wp-content\/uploads\/2024\/08\/Teaser.jpg","contentUrl":"https:\/\/parablau.com\/galerie\/wp-content\/uploads\/2024\/08\/Teaser.jpg","width":1754,"height":1240},{"@type":"BreadcrumbList","@id":"https:\/\/parablau.com\/galerie\/2016\/07\/04\/heimat-verlust-was-bleibt\/#breadcrumb","itemListElement":[{"@type":"ListItem","position":1,"name":"Startseite","item":"https:\/\/parablau.com\/galerie\/"},{"@type":"ListItem","position":2,"name":"HEIMAT &#8211; VERLUST &#8211; Was bleibt?"}]},{"@type":"WebSite","@id":"https:\/\/parablau.com\/galerie\/#website","url":"https:\/\/parablau.com\/galerie\/","name":"parablau","description":"Galerie und Kunstprojekte in der Blauen Fabrik Dresden","publisher":{"@id":"https:\/\/parablau.com\/galerie\/#organization"},"potentialAction":[{"@type":"SearchAction","target":{"@type":"EntryPoint","urlTemplate":"https:\/\/parablau.com\/galerie\/?s={search_term_string}"},"query-input":{"@type":"PropertyValueSpecification","valueRequired":true,"valueName":"search_term_string"}}],"inLanguage":"de"},{"@type":"Organization","@id":"https:\/\/parablau.com\/galerie\/#organization","name":"parablau","url":"https:\/\/parablau.com\/galerie\/","logo":{"@type":"ImageObject","inLanguage":"de","@id":"https:\/\/parablau.com\/galerie\/#\/schema\/logo\/image\/","url":"https:\/\/parablau.com\/galerie\/wp-content\/uploads\/2023\/11\/cropped-parablau-logo-kiwi-picasso-2-2a5f6e-1.png","contentUrl":"https:\/\/parablau.com\/galerie\/wp-content\/uploads\/2023\/11\/cropped-parablau-logo-kiwi-picasso-2-2a5f6e-1.png","width":3467,"height":4275,"caption":"parablau"},"image":{"@id":"https:\/\/parablau.com\/galerie\/#\/schema\/logo\/image\/"}},{"@type":"Person","@id":"https:\/\/parablau.com\/galerie\/#\/schema\/person\/de57857d13ad8a61aa7ca445ea36e128","name":"kuratorin","image":{"@type":"ImageObject","inLanguage":"de","@id":"https:\/\/secure.gravatar.com\/avatar\/dfcf008e44889dadf03d6380428e38d3d334db117a42c4c6de7e248b56b97a6f?s=96&d=mm&r=g","url":"https:\/\/secure.gravatar.com\/avatar\/dfcf008e44889dadf03d6380428e38d3d334db117a42c4c6de7e248b56b97a6f?s=96&d=mm&r=g","contentUrl":"https:\/\/secure.gravatar.com\/avatar\/dfcf008e44889dadf03d6380428e38d3d334db117a42c4c6de7e248b56b97a6f?s=96&d=mm&r=g","caption":"kuratorin"},"sameAs":["https:\/\/parablau.com\/galerie"],"url":"https:\/\/parablau.com\/galerie\/author\/kuratorin\/"}]}},"jetpack_featured_media_url":"https:\/\/parablau.com\/galerie\/wp-content\/uploads\/2024\/08\/Teaser.jpg","jetpack_sharing_enabled":true,"_links":{"self":[{"href":"https:\/\/parablau.com\/galerie\/wp-json\/wp\/v2\/posts\/12180","targetHints":{"allow":["GET"]}}],"collection":[{"href":"https:\/\/parablau.com\/galerie\/wp-json\/wp\/v2\/posts"}],"about":[{"href":"https:\/\/parablau.com\/galerie\/wp-json\/wp\/v2\/types\/post"}],"author":[{"embeddable":true,"href":"https:\/\/parablau.com\/galerie\/wp-json\/wp\/v2\/users\/1"}],"replies":[{"embeddable":true,"href":"https:\/\/parablau.com\/galerie\/wp-json\/wp\/v2\/comments?post=12180"}],"version-history":[{"count":5,"href":"https:\/\/parablau.com\/galerie\/wp-json\/wp\/v2\/posts\/12180\/revisions"}],"predecessor-version":[{"id":12186,"href":"https:\/\/parablau.com\/galerie\/wp-json\/wp\/v2\/posts\/12180\/revisions\/12186"}],"wp:featuredmedia":[{"embeddable":true,"href":"https:\/\/parablau.com\/galerie\/wp-json\/wp\/v2\/media\/12183"}],"wp:attachment":[{"href":"https:\/\/parablau.com\/galerie\/wp-json\/wp\/v2\/media?parent=12180"}],"wp:term":[{"taxonomy":"category","embeddable":true,"href":"https:\/\/parablau.com\/galerie\/wp-json\/wp\/v2\/categories?post=12180"},{"taxonomy":"post_tag","embeddable":true,"href":"https:\/\/parablau.com\/galerie\/wp-json\/wp\/v2\/tags?post=12180"}],"curies":[{"name":"wp","href":"https:\/\/api.w.org\/{rel}","templated":true}]}}