{"id":12078,"date":"2016-12-01T13:21:44","date_gmt":"2016-12-01T12:21:44","guid":{"rendered":"https:\/\/parablau.com\/galerie\/?p=12078"},"modified":"2024-04-20T13:24:16","modified_gmt":"2024-04-20T11:24:16","slug":"aleksandra-smigielska-photographie","status":"publish","type":"post","link":"https:\/\/parablau.com\/galerie\/2016\/12\/01\/aleksandra-smigielska-photographie\/","title":{"rendered":"Aleksandra \u015amigielska: Photographie"},"content":{"rendered":"\t\t<div data-elementor-type=\"wp-post\" data-elementor-id=\"12078\" class=\"elementor elementor-12078\">\n\t\t\t\t<div class=\"elementor-element elementor-element-5154fc1e e-flex e-con-boxed e-con e-parent\" data-id=\"5154fc1e\" data-element_type=\"container\" data-e-type=\"container\">\n\t\t\t\t\t<div class=\"e-con-inner\">\n\t\t\t\t<div class=\"elementor-element elementor-element-6eaa06e5 elementor-widget elementor-widget-text-editor\" data-id=\"6eaa06e5\" data-element_type=\"widget\" data-e-type=\"widget\" data-widget_type=\"text-editor.default\">\n\t\t\t\t<div class=\"elementor-widget-container\">\n\t\t\t\t\t\t\t\t\t<p><strong>DEZEMBER 2016<\/strong><\/p><p><b>01.12.2016 &#8211; 29.01.2017<\/b><\/p><p>Vernissage am 01.12.2016 ab 19:00 Uhr<\/p><p>Ab dem 1. Dezember zeigt die polnische Fotografin Aleksandra \u015amigielska ihre zwei Projekte zum ersten Mal am neu er\u00f6ffneten Standort der Blauen Fabrik dem Dresdner Publikum. Ihre erste farbige Serie \u201eOna w kwiatach \/ Sie in den Blumen\u201c setzt sich mit den zwischenmenschlichen Beziehungen, mit dem Privaten, mit der Liebe und den tiefsten Gef\u00fchlen auseinander. Sie folgt ihrer Gro\u00dfmutter bis zum Tode\u2026 Eine eindrucksvolle zeitgen\u00f6ssische fotografische Dokumentation.<\/p><p>Das zweite Projekt unter dem Namen \u201eDotkn\u0105\u0107 \/ Streifen\u201c bleibt ebenso subtil und verbindet schwarz-wei\u00dfe Fotografien mit den Gedichten von Rafa\u0142 Wojaczek. Aleksandra \u015amigielska l\u00e4dt uns in ihre privaten Sph\u00e4ren ein, sie l\u00e4sst uns ihr Leben streifen und \u00fcber den Sinn der Dinge und die eigene Existenz nachdenken. Zu dieser Serie stellt sie auch ein gleichnamiges Buch vor.<\/p><p>Aleksandra \u015amigielska wurde in Wysokie Mazowieckie geboren und hat ihr Fotografie-Studium an der Akademia Fotografii i Przedsi\u0119biorczo\u015bci in Bialystok in Polen absolviert. Zur Zeit studiert sie am Institut Tv\u016fr\u010d\u00ed Fotografie in Opava in der Tschechischen Republik und arbeitet als freischaffende K\u00fcnstlerin und Kuratorin in Warschau. Sie ist Mitorganisatorin des Interphoto-Festivals in Bialystok und ist Mitglied in der Vereinigung \u201eForum Fotografii i Multimedi\u00f3w\u201c.<\/p><p>Mit dieser Veranstaltung startet die K\u00fcnstlervereinigung Blaue Fabrik e. V. eine neue Ausstellungsreihe im Rahmen des Parablau-Projektes, mit dem sie jedes Jahr polnische K\u00fcnstler, die sich dem Medium Fotografie widmen, vorstellen m\u00f6chte. Zusammen mit dem Zeitfenster Oktober-November f\u00fcr die tschechischen K\u00fcnstlern versucht somit die Blaue Fabrik anspruchsvolle und junge Kunst unserer Nachbarn regelm\u00e4\u00dfig in Dresden vorzustellen.<\/p><p>Text: <span lang=\"cs-CZ\">Michal Matou\u0161ek<\/span><\/p>\t\t\t\t\t\t\t\t<\/div>\n\t\t\t\t<\/div>\n\t\t\t\t\t<\/div>\n\t\t\t\t<\/div>\n\t\t<div class=\"elementor-element elementor-element-6f36d89 e-flex e-con-boxed e-con e-parent\" data-id=\"6f36d89\" data-element_type=\"container\" data-e-type=\"container\">\n\t\t\t\t\t<div class=\"e-con-inner\">\n\t\t\t\t<div class=\"elementor-element elementor-element-92e4acc elementor-widget elementor-widget-image\" data-id=\"92e4acc\" data-element_type=\"widget\" data-e-type=\"widget\" data-widget_type=\"image.default\">\n\t\t\t\t<div class=\"elementor-widget-container\">\n\t\t\t\t\t\t\t\t\t\t\t\t\t\t\t<img fetchpriority=\"high\" decoding=\"async\" width=\"768\" height=\"768\" src=\"https:\/\/parablau.com\/galerie\/wp-content\/uploads\/2024\/04\/smigielska_aleksandra_2015_Presse_Bild-768x768.jpg\" class=\"attachment-medium_large size-medium_large wp-image-12080\" alt=\"\" srcset=\"https:\/\/parablau.com\/galerie\/wp-content\/uploads\/2024\/04\/smigielska_aleksandra_2015_Presse_Bild-768x768.jpg 768w, https:\/\/parablau.com\/galerie\/wp-content\/uploads\/2024\/04\/smigielska_aleksandra_2015_Presse_Bild-300x300.jpg 300w, https:\/\/parablau.com\/galerie\/wp-content\/uploads\/2024\/04\/smigielska_aleksandra_2015_Presse_Bild-150x150.jpg 150w, https:\/\/parablau.com\/galerie\/wp-content\/uploads\/2024\/04\/smigielska_aleksandra_2015_Presse_Bild-600x600.jpg 600w, https:\/\/parablau.com\/galerie\/wp-content\/uploads\/2024\/04\/smigielska_aleksandra_2015_Presse_Bild-100x100.jpg 100w, https:\/\/parablau.com\/galerie\/wp-content\/uploads\/2024\/04\/smigielska_aleksandra_2015_Presse_Bild.jpg 1000w\" sizes=\"(max-width: 768px) 100vw, 768px\" \/>\t\t\t\t\t\t\t\t\t\t\t\t\t\t\t<\/div>\n\t\t\t\t<\/div>\n\t\t\t\t\t<\/div>\n\t\t\t\t<\/div>\n\t\t\t\t<\/div>\n\t\t","protected":false},"excerpt":{"rendered":"<p>Aleksandra \u015amigielska: Photographie<\/p>\n","protected":false},"author":1,"featured_media":12080,"comment_status":"closed","ping_status":"closed","sticky":false,"template":"","format":"standard","meta":{"_tbt_post_transparent":"","_tbt_post_title":"","_tbt_post_layout":"","_tbt_post_sidebar_id":"","_tbt_post_content_style":"","_tbt_post_vertical_padding":"","_tbt_post_feature":"","_tbt_post_feature_position":"","_tbt_post_header":false,"_tbt_post_footer":false,"_jetpack_memberships_contains_paid_content":false},"categories":[76],"tags":[],"class_list":["post-12078","post","type-post","status-publish","format-standard","has-post-thumbnail","hentry","category-76"],"yoast_head":"<!-- This site is optimized with the Yoast SEO plugin v27.5 - https:\/\/yoast.com\/product\/yoast-seo-wordpress\/ -->\n<title>Aleksandra \u015amigielska: Photographie - parablau<\/title>\n<meta name=\"robots\" content=\"index, follow, max-snippet:-1, max-image-preview:large, max-video-preview:-1\" \/>\n<link rel=\"canonical\" href=\"https:\/\/parablau.com\/galerie\/2016\/12\/01\/aleksandra-smigielska-photographie\/\" \/>\n<meta property=\"og:locale\" content=\"de_DE\" \/>\n<meta property=\"og:type\" content=\"article\" \/>\n<meta property=\"og:title\" content=\"Aleksandra \u015amigielska: Photographie - parablau\" \/>\n<meta property=\"og:description\" content=\"Aleksandra \u015amigielska: Photographie\" \/>\n<meta property=\"og:url\" content=\"https:\/\/parablau.com\/galerie\/2016\/12\/01\/aleksandra-smigielska-photographie\/\" \/>\n<meta property=\"og:site_name\" content=\"parablau\" \/>\n<meta property=\"article:published_time\" content=\"2016-12-01T12:21:44+00:00\" \/>\n<meta property=\"article:modified_time\" content=\"2024-04-20T11:24:16+00:00\" \/>\n<meta property=\"og:image\" content=\"https:\/\/parablau.com\/galerie\/wp-content\/uploads\/2024\/04\/smigielska_aleksandra_2015_Presse_Bild.jpg\" \/>\n\t<meta property=\"og:image:width\" content=\"1000\" \/>\n\t<meta property=\"og:image:height\" content=\"1000\" \/>\n\t<meta property=\"og:image:type\" content=\"image\/jpeg\" \/>\n<meta name=\"author\" content=\"kuratorin\" \/>\n<meta name=\"twitter:card\" content=\"summary_large_image\" \/>\n<meta name=\"twitter:label1\" content=\"Verfasst von\" \/>\n\t<meta name=\"twitter:data1\" content=\"kuratorin\" \/>\n\t<meta name=\"twitter:label2\" content=\"Gesch\u00e4tzte Lesezeit\" \/>\n\t<meta name=\"twitter:data2\" content=\"2\u00a0Minuten\" \/>\n<script type=\"application\/ld+json\" class=\"yoast-schema-graph\">{\"@context\":\"https:\\\/\\\/schema.org\",\"@graph\":[{\"@type\":\"Article\",\"@id\":\"https:\\\/\\\/parablau.com\\\/galerie\\\/2016\\\/12\\\/01\\\/aleksandra-smigielska-photographie\\\/#article\",\"isPartOf\":{\"@id\":\"https:\\\/\\\/parablau.com\\\/galerie\\\/2016\\\/12\\\/01\\\/aleksandra-smigielska-photographie\\\/\"},\"author\":{\"name\":\"kuratorin\",\"@id\":\"https:\\\/\\\/parablau.com\\\/galerie\\\/#\\\/schema\\\/person\\\/de57857d13ad8a61aa7ca445ea36e128\"},\"headline\":\"Aleksandra \u015amigielska: Photographie\",\"datePublished\":\"2016-12-01T12:21:44+00:00\",\"dateModified\":\"2024-04-20T11:24:16+00:00\",\"mainEntityOfPage\":{\"@id\":\"https:\\\/\\\/parablau.com\\\/galerie\\\/2016\\\/12\\\/01\\\/aleksandra-smigielska-photographie\\\/\"},\"wordCount\":272,\"publisher\":{\"@id\":\"https:\\\/\\\/parablau.com\\\/galerie\\\/#organization\"},\"image\":{\"@id\":\"https:\\\/\\\/parablau.com\\\/galerie\\\/2016\\\/12\\\/01\\\/aleksandra-smigielska-photographie\\\/#primaryimage\"},\"thumbnailUrl\":\"https:\\\/\\\/parablau.com\\\/galerie\\\/wp-content\\\/uploads\\\/2024\\\/04\\\/smigielska_aleksandra_2015_Presse_Bild.jpg\",\"articleSection\":[\"2016\"],\"inLanguage\":\"de\"},{\"@type\":\"WebPage\",\"@id\":\"https:\\\/\\\/parablau.com\\\/galerie\\\/2016\\\/12\\\/01\\\/aleksandra-smigielska-photographie\\\/\",\"url\":\"https:\\\/\\\/parablau.com\\\/galerie\\\/2016\\\/12\\\/01\\\/aleksandra-smigielska-photographie\\\/\",\"name\":\"Aleksandra \u015amigielska: Photographie - parablau\",\"isPartOf\":{\"@id\":\"https:\\\/\\\/parablau.com\\\/galerie\\\/#website\"},\"primaryImageOfPage\":{\"@id\":\"https:\\\/\\\/parablau.com\\\/galerie\\\/2016\\\/12\\\/01\\\/aleksandra-smigielska-photographie\\\/#primaryimage\"},\"image\":{\"@id\":\"https:\\\/\\\/parablau.com\\\/galerie\\\/2016\\\/12\\\/01\\\/aleksandra-smigielska-photographie\\\/#primaryimage\"},\"thumbnailUrl\":\"https:\\\/\\\/parablau.com\\\/galerie\\\/wp-content\\\/uploads\\\/2024\\\/04\\\/smigielska_aleksandra_2015_Presse_Bild.jpg\",\"datePublished\":\"2016-12-01T12:21:44+00:00\",\"dateModified\":\"2024-04-20T11:24:16+00:00\",\"breadcrumb\":{\"@id\":\"https:\\\/\\\/parablau.com\\\/galerie\\\/2016\\\/12\\\/01\\\/aleksandra-smigielska-photographie\\\/#breadcrumb\"},\"inLanguage\":\"de\",\"potentialAction\":[{\"@type\":\"ReadAction\",\"target\":[\"https:\\\/\\\/parablau.com\\\/galerie\\\/2016\\\/12\\\/01\\\/aleksandra-smigielska-photographie\\\/\"]}]},{\"@type\":\"ImageObject\",\"inLanguage\":\"de\",\"@id\":\"https:\\\/\\\/parablau.com\\\/galerie\\\/2016\\\/12\\\/01\\\/aleksandra-smigielska-photographie\\\/#primaryimage\",\"url\":\"https:\\\/\\\/parablau.com\\\/galerie\\\/wp-content\\\/uploads\\\/2024\\\/04\\\/smigielska_aleksandra_2015_Presse_Bild.jpg\",\"contentUrl\":\"https:\\\/\\\/parablau.com\\\/galerie\\\/wp-content\\\/uploads\\\/2024\\\/04\\\/smigielska_aleksandra_2015_Presse_Bild.jpg\",\"width\":1000,\"height\":1000},{\"@type\":\"BreadcrumbList\",\"@id\":\"https:\\\/\\\/parablau.com\\\/galerie\\\/2016\\\/12\\\/01\\\/aleksandra-smigielska-photographie\\\/#breadcrumb\",\"itemListElement\":[{\"@type\":\"ListItem\",\"position\":1,\"name\":\"Startseite\",\"item\":\"https:\\\/\\\/parablau.com\\\/galerie\\\/\"},{\"@type\":\"ListItem\",\"position\":2,\"name\":\"Aleksandra \u015amigielska: Photographie\"}]},{\"@type\":\"WebSite\",\"@id\":\"https:\\\/\\\/parablau.com\\\/galerie\\\/#website\",\"url\":\"https:\\\/\\\/parablau.com\\\/galerie\\\/\",\"name\":\"parablau\",\"description\":\"Galerie und Kunstprojekte in der Blauen Fabrik Dresden\",\"publisher\":{\"@id\":\"https:\\\/\\\/parablau.com\\\/galerie\\\/#organization\"},\"potentialAction\":[{\"@type\":\"SearchAction\",\"target\":{\"@type\":\"EntryPoint\",\"urlTemplate\":\"https:\\\/\\\/parablau.com\\\/galerie\\\/?s={search_term_string}\"},\"query-input\":{\"@type\":\"PropertyValueSpecification\",\"valueRequired\":true,\"valueName\":\"search_term_string\"}}],\"inLanguage\":\"de\"},{\"@type\":\"Organization\",\"@id\":\"https:\\\/\\\/parablau.com\\\/galerie\\\/#organization\",\"name\":\"parablau\",\"url\":\"https:\\\/\\\/parablau.com\\\/galerie\\\/\",\"logo\":{\"@type\":\"ImageObject\",\"inLanguage\":\"de\",\"@id\":\"https:\\\/\\\/parablau.com\\\/galerie\\\/#\\\/schema\\\/logo\\\/image\\\/\",\"url\":\"https:\\\/\\\/parablau.com\\\/galerie\\\/wp-content\\\/uploads\\\/2023\\\/11\\\/cropped-parablau-logo-kiwi-picasso-2-2a5f6e-1.png\",\"contentUrl\":\"https:\\\/\\\/parablau.com\\\/galerie\\\/wp-content\\\/uploads\\\/2023\\\/11\\\/cropped-parablau-logo-kiwi-picasso-2-2a5f6e-1.png\",\"width\":3467,\"height\":4275,\"caption\":\"parablau\"},\"image\":{\"@id\":\"https:\\\/\\\/parablau.com\\\/galerie\\\/#\\\/schema\\\/logo\\\/image\\\/\"}},{\"@type\":\"Person\",\"@id\":\"https:\\\/\\\/parablau.com\\\/galerie\\\/#\\\/schema\\\/person\\\/de57857d13ad8a61aa7ca445ea36e128\",\"name\":\"kuratorin\",\"image\":{\"@type\":\"ImageObject\",\"inLanguage\":\"de\",\"@id\":\"https:\\\/\\\/secure.gravatar.com\\\/avatar\\\/dfcf008e44889dadf03d6380428e38d3d334db117a42c4c6de7e248b56b97a6f?s=96&d=mm&r=g\",\"url\":\"https:\\\/\\\/secure.gravatar.com\\\/avatar\\\/dfcf008e44889dadf03d6380428e38d3d334db117a42c4c6de7e248b56b97a6f?s=96&d=mm&r=g\",\"contentUrl\":\"https:\\\/\\\/secure.gravatar.com\\\/avatar\\\/dfcf008e44889dadf03d6380428e38d3d334db117a42c4c6de7e248b56b97a6f?s=96&d=mm&r=g\",\"caption\":\"kuratorin\"},\"sameAs\":[\"https:\\\/\\\/parablau.com\\\/galerie\"],\"url\":\"https:\\\/\\\/parablau.com\\\/galerie\\\/author\\\/kuratorin\\\/\"}]}<\/script>\n<!-- \/ Yoast SEO plugin. -->","yoast_head_json":{"title":"Aleksandra \u015amigielska: Photographie - parablau","robots":{"index":"index","follow":"follow","max-snippet":"max-snippet:-1","max-image-preview":"max-image-preview:large","max-video-preview":"max-video-preview:-1"},"canonical":"https:\/\/parablau.com\/galerie\/2016\/12\/01\/aleksandra-smigielska-photographie\/","og_locale":"de_DE","og_type":"article","og_title":"Aleksandra \u015amigielska: Photographie - parablau","og_description":"Aleksandra \u015amigielska: Photographie","og_url":"https:\/\/parablau.com\/galerie\/2016\/12\/01\/aleksandra-smigielska-photographie\/","og_site_name":"parablau","article_published_time":"2016-12-01T12:21:44+00:00","article_modified_time":"2024-04-20T11:24:16+00:00","og_image":[{"width":1000,"height":1000,"url":"https:\/\/parablau.com\/galerie\/wp-content\/uploads\/2024\/04\/smigielska_aleksandra_2015_Presse_Bild.jpg","type":"image\/jpeg"}],"author":"kuratorin","twitter_card":"summary_large_image","twitter_misc":{"Verfasst von":"kuratorin","Gesch\u00e4tzte Lesezeit":"2\u00a0Minuten"},"schema":{"@context":"https:\/\/schema.org","@graph":[{"@type":"Article","@id":"https:\/\/parablau.com\/galerie\/2016\/12\/01\/aleksandra-smigielska-photographie\/#article","isPartOf":{"@id":"https:\/\/parablau.com\/galerie\/2016\/12\/01\/aleksandra-smigielska-photographie\/"},"author":{"name":"kuratorin","@id":"https:\/\/parablau.com\/galerie\/#\/schema\/person\/de57857d13ad8a61aa7ca445ea36e128"},"headline":"Aleksandra \u015amigielska: Photographie","datePublished":"2016-12-01T12:21:44+00:00","dateModified":"2024-04-20T11:24:16+00:00","mainEntityOfPage":{"@id":"https:\/\/parablau.com\/galerie\/2016\/12\/01\/aleksandra-smigielska-photographie\/"},"wordCount":272,"publisher":{"@id":"https:\/\/parablau.com\/galerie\/#organization"},"image":{"@id":"https:\/\/parablau.com\/galerie\/2016\/12\/01\/aleksandra-smigielska-photographie\/#primaryimage"},"thumbnailUrl":"https:\/\/parablau.com\/galerie\/wp-content\/uploads\/2024\/04\/smigielska_aleksandra_2015_Presse_Bild.jpg","articleSection":["2016"],"inLanguage":"de"},{"@type":"WebPage","@id":"https:\/\/parablau.com\/galerie\/2016\/12\/01\/aleksandra-smigielska-photographie\/","url":"https:\/\/parablau.com\/galerie\/2016\/12\/01\/aleksandra-smigielska-photographie\/","name":"Aleksandra \u015amigielska: Photographie - parablau","isPartOf":{"@id":"https:\/\/parablau.com\/galerie\/#website"},"primaryImageOfPage":{"@id":"https:\/\/parablau.com\/galerie\/2016\/12\/01\/aleksandra-smigielska-photographie\/#primaryimage"},"image":{"@id":"https:\/\/parablau.com\/galerie\/2016\/12\/01\/aleksandra-smigielska-photographie\/#primaryimage"},"thumbnailUrl":"https:\/\/parablau.com\/galerie\/wp-content\/uploads\/2024\/04\/smigielska_aleksandra_2015_Presse_Bild.jpg","datePublished":"2016-12-01T12:21:44+00:00","dateModified":"2024-04-20T11:24:16+00:00","breadcrumb":{"@id":"https:\/\/parablau.com\/galerie\/2016\/12\/01\/aleksandra-smigielska-photographie\/#breadcrumb"},"inLanguage":"de","potentialAction":[{"@type":"ReadAction","target":["https:\/\/parablau.com\/galerie\/2016\/12\/01\/aleksandra-smigielska-photographie\/"]}]},{"@type":"ImageObject","inLanguage":"de","@id":"https:\/\/parablau.com\/galerie\/2016\/12\/01\/aleksandra-smigielska-photographie\/#primaryimage","url":"https:\/\/parablau.com\/galerie\/wp-content\/uploads\/2024\/04\/smigielska_aleksandra_2015_Presse_Bild.jpg","contentUrl":"https:\/\/parablau.com\/galerie\/wp-content\/uploads\/2024\/04\/smigielska_aleksandra_2015_Presse_Bild.jpg","width":1000,"height":1000},{"@type":"BreadcrumbList","@id":"https:\/\/parablau.com\/galerie\/2016\/12\/01\/aleksandra-smigielska-photographie\/#breadcrumb","itemListElement":[{"@type":"ListItem","position":1,"name":"Startseite","item":"https:\/\/parablau.com\/galerie\/"},{"@type":"ListItem","position":2,"name":"Aleksandra \u015amigielska: Photographie"}]},{"@type":"WebSite","@id":"https:\/\/parablau.com\/galerie\/#website","url":"https:\/\/parablau.com\/galerie\/","name":"parablau","description":"Galerie und Kunstprojekte in der Blauen Fabrik Dresden","publisher":{"@id":"https:\/\/parablau.com\/galerie\/#organization"},"potentialAction":[{"@type":"SearchAction","target":{"@type":"EntryPoint","urlTemplate":"https:\/\/parablau.com\/galerie\/?s={search_term_string}"},"query-input":{"@type":"PropertyValueSpecification","valueRequired":true,"valueName":"search_term_string"}}],"inLanguage":"de"},{"@type":"Organization","@id":"https:\/\/parablau.com\/galerie\/#organization","name":"parablau","url":"https:\/\/parablau.com\/galerie\/","logo":{"@type":"ImageObject","inLanguage":"de","@id":"https:\/\/parablau.com\/galerie\/#\/schema\/logo\/image\/","url":"https:\/\/parablau.com\/galerie\/wp-content\/uploads\/2023\/11\/cropped-parablau-logo-kiwi-picasso-2-2a5f6e-1.png","contentUrl":"https:\/\/parablau.com\/galerie\/wp-content\/uploads\/2023\/11\/cropped-parablau-logo-kiwi-picasso-2-2a5f6e-1.png","width":3467,"height":4275,"caption":"parablau"},"image":{"@id":"https:\/\/parablau.com\/galerie\/#\/schema\/logo\/image\/"}},{"@type":"Person","@id":"https:\/\/parablau.com\/galerie\/#\/schema\/person\/de57857d13ad8a61aa7ca445ea36e128","name":"kuratorin","image":{"@type":"ImageObject","inLanguage":"de","@id":"https:\/\/secure.gravatar.com\/avatar\/dfcf008e44889dadf03d6380428e38d3d334db117a42c4c6de7e248b56b97a6f?s=96&d=mm&r=g","url":"https:\/\/secure.gravatar.com\/avatar\/dfcf008e44889dadf03d6380428e38d3d334db117a42c4c6de7e248b56b97a6f?s=96&d=mm&r=g","contentUrl":"https:\/\/secure.gravatar.com\/avatar\/dfcf008e44889dadf03d6380428e38d3d334db117a42c4c6de7e248b56b97a6f?s=96&d=mm&r=g","caption":"kuratorin"},"sameAs":["https:\/\/parablau.com\/galerie"],"url":"https:\/\/parablau.com\/galerie\/author\/kuratorin\/"}]}},"jetpack_featured_media_url":"https:\/\/parablau.com\/galerie\/wp-content\/uploads\/2024\/04\/smigielska_aleksandra_2015_Presse_Bild.jpg","jetpack_sharing_enabled":true,"_links":{"self":[{"href":"https:\/\/parablau.com\/galerie\/wp-json\/wp\/v2\/posts\/12078","targetHints":{"allow":["GET"]}}],"collection":[{"href":"https:\/\/parablau.com\/galerie\/wp-json\/wp\/v2\/posts"}],"about":[{"href":"https:\/\/parablau.com\/galerie\/wp-json\/wp\/v2\/types\/post"}],"author":[{"embeddable":true,"href":"https:\/\/parablau.com\/galerie\/wp-json\/wp\/v2\/users\/1"}],"replies":[{"embeddable":true,"href":"https:\/\/parablau.com\/galerie\/wp-json\/wp\/v2\/comments?post=12078"}],"version-history":[{"count":4,"href":"https:\/\/parablau.com\/galerie\/wp-json\/wp\/v2\/posts\/12078\/revisions"}],"predecessor-version":[{"id":12083,"href":"https:\/\/parablau.com\/galerie\/wp-json\/wp\/v2\/posts\/12078\/revisions\/12083"}],"wp:featuredmedia":[{"embeddable":true,"href":"https:\/\/parablau.com\/galerie\/wp-json\/wp\/v2\/media\/12080"}],"wp:attachment":[{"href":"https:\/\/parablau.com\/galerie\/wp-json\/wp\/v2\/media?parent=12078"}],"wp:term":[{"taxonomy":"category","embeddable":true,"href":"https:\/\/parablau.com\/galerie\/wp-json\/wp\/v2\/categories?post=12078"},{"taxonomy":"post_tag","embeddable":true,"href":"https:\/\/parablau.com\/galerie\/wp-json\/wp\/v2\/tags?post=12078"}],"curies":[{"name":"wp","href":"https:\/\/api.w.org\/{rel}","templated":true}]}}