{"id":12021,"date":"2017-09-01T12:47:50","date_gmt":"2017-09-01T10:47:50","guid":{"rendered":"https:\/\/parablau.com\/galerie\/?p=12021"},"modified":"2024-04-20T12:51:54","modified_gmt":"2024-04-20T10:51:54","slug":"wooden-web","status":"publish","type":"post","link":"https:\/\/parablau.com\/galerie\/2017\/09\/01\/wooden-web\/","title":{"rendered":"*wooden web*"},"content":{"rendered":"\t\t<div data-elementor-type=\"wp-post\" data-elementor-id=\"12021\" class=\"elementor elementor-12021\">\n\t\t\t\t<div class=\"elementor-element elementor-element-7dd66696 e-flex e-con-boxed e-con e-parent\" data-id=\"7dd66696\" data-element_type=\"container\" data-e-type=\"container\">\n\t\t\t\t\t<div class=\"e-con-inner\">\n\t\t\t\t<div class=\"elementor-element elementor-element-4c8c0048 elementor-widget elementor-widget-text-editor\" data-id=\"4c8c0048\" data-element_type=\"widget\" data-e-type=\"widget\" data-widget_type=\"text-editor.default\">\n\t\t\t\t<div class=\"elementor-widget-container\">\n\t\t\t\t\t\t\t\t\t<p><strong>SEPTEMBER 2017<\/strong><\/p><p>Die Ausstellung zeigt &#8222;wooden web&#8220;, ein Heimwerkermodell des Kommunikationsnetzwerkes. Es kombiniert Projekte und Installationen welche die Ausstellungsr\u00e4ume aktiv einbeziehen mit\u00a0bestehende Werken und eine Performance zur Er\u00f6ffnung.\u00a0<\/p><p>Ausstellungszeitraum : 1. &#8211; 30. 9. 2017<\/p><p>Autoren und Kuratoren: <strong>Josef Dan\u011bk, Tereza Nov\u00e1kov\u00e1<\/strong><br \/><strong> K\u00fcnstler: Michael Carty &#8211; Michael White, Josef Dan\u011bk, Pavl\u00edna Kubelkov\u00e1, Michaela Labudov\u00e1, Pavel Matou\u0161ek, Dirk Grosser, Ivana Zochov\u00e1<\/strong> sowie ausgew\u00e4hlte Studenten des Zeichenstudios an der FA FO in Ostrava.<\/p><p>Die Vernissage am 1.9. 19-22 Uhr wird musikalisch umrahmt von <strong>Hartmut Dorschner<\/strong> (Monster-Synthesizer) und <strong>G\u00fcnter Heinz<\/strong> (Blasinstrumente).<\/p><p>Die beiden Musiker G\u00fcnter Heinz (Posaune, Fl\u00f6te) und Hartmut Dorschner (Saxophon) geh\u00f6ren zu den herausragenden Pers\u00f6nlichkeiten der Dresdner Jazzszene. Sie spielen seit mehr als 20 Jahre spielen in der Blauen Fabrik, zu deren Gr\u00fcndern sie 1996 &#8211; neben der Tanzprofessorin Hanne Wandtke &#8211; geh\u00f6rten.<br \/>Beide sind auch als Komponisten \u201eernster Musik\u201c t\u00e4tig, und beide entwickelten auf ihren Instrumenten neuartigen Spieltechniken. Seit einigen Jahren spielen sie verst\u00e4rkt auf Festivals im In- und Ausland, so erlebte ihr Projekt mit dem Elektroniker Heribert Dorsch, einen gefeierten Auftritt bei der MIB-Jazznight und wurde von Radio Bremen vollst\u00e4ndig gesendet.<\/p>\t\t\t\t\t\t\t\t<\/div>\n\t\t\t\t<\/div>\n\t\t\t\t\t<\/div>\n\t\t\t\t<\/div>\n\t\t\t\t<\/div>\n\t\t","protected":false},"excerpt":{"rendered":"<p>*wooden web*<\/p>\n","protected":false},"author":1,"featured_media":12026,"comment_status":"closed","ping_status":"closed","sticky":false,"template":"","format":"standard","meta":{"_tbt_post_transparent":"","_tbt_post_title":"","_tbt_post_layout":"","_tbt_post_sidebar_id":"","_tbt_post_content_style":"","_tbt_post_vertical_padding":"","_tbt_post_feature":"","_tbt_post_feature_position":"","_tbt_post_header":false,"_tbt_post_footer":false,"_jetpack_memberships_contains_paid_content":false},"categories":[75],"tags":[],"class_list":["post-12021","post","type-post","status-publish","format-standard","has-post-thumbnail","hentry","category-75"],"yoast_head":"<!-- This site is optimized with the Yoast SEO plugin v27.5 - https:\/\/yoast.com\/product\/yoast-seo-wordpress\/ -->\n<title>*wooden web* - parablau<\/title>\n<meta name=\"robots\" content=\"index, follow, max-snippet:-1, max-image-preview:large, max-video-preview:-1\" \/>\n<link rel=\"canonical\" href=\"https:\/\/parablau.com\/galerie\/2017\/09\/01\/wooden-web\/\" \/>\n<meta property=\"og:locale\" content=\"de_DE\" \/>\n<meta property=\"og:type\" content=\"article\" \/>\n<meta property=\"og:title\" content=\"*wooden web* - parablau\" \/>\n<meta property=\"og:description\" content=\"*wooden web*\" \/>\n<meta property=\"og:url\" content=\"https:\/\/parablau.com\/galerie\/2017\/09\/01\/wooden-web\/\" \/>\n<meta property=\"og:site_name\" content=\"parablau\" \/>\n<meta property=\"article:published_time\" content=\"2017-09-01T10:47:50+00:00\" \/>\n<meta property=\"article:modified_time\" content=\"2024-04-20T10:51:54+00:00\" \/>\n<meta property=\"og:image\" content=\"https:\/\/parablau.com\/galerie\/wp-content\/uploads\/2024\/04\/woodenweb.jpg\" \/>\n\t<meta property=\"og:image:width\" content=\"960\" \/>\n\t<meta property=\"og:image:height\" content=\"543\" \/>\n\t<meta property=\"og:image:type\" content=\"image\/jpeg\" \/>\n<meta name=\"author\" content=\"kuratorin\" \/>\n<meta name=\"twitter:card\" content=\"summary_large_image\" \/>\n<meta name=\"twitter:label1\" content=\"Verfasst von\" \/>\n\t<meta name=\"twitter:data1\" content=\"kuratorin\" \/>\n\t<meta name=\"twitter:label2\" content=\"Gesch\u00e4tzte Lesezeit\" \/>\n\t<meta name=\"twitter:data2\" content=\"1\u00a0Minute\" \/>\n<script type=\"application\/ld+json\" class=\"yoast-schema-graph\">{\"@context\":\"https:\\\/\\\/schema.org\",\"@graph\":[{\"@type\":\"Article\",\"@id\":\"https:\\\/\\\/parablau.com\\\/galerie\\\/2017\\\/09\\\/01\\\/wooden-web\\\/#article\",\"isPartOf\":{\"@id\":\"https:\\\/\\\/parablau.com\\\/galerie\\\/2017\\\/09\\\/01\\\/wooden-web\\\/\"},\"author\":{\"name\":\"kuratorin\",\"@id\":\"https:\\\/\\\/parablau.com\\\/galerie\\\/#\\\/schema\\\/person\\\/de57857d13ad8a61aa7ca445ea36e128\"},\"headline\":\"*wooden web*\",\"datePublished\":\"2017-09-01T10:47:50+00:00\",\"dateModified\":\"2024-04-20T10:51:54+00:00\",\"mainEntityOfPage\":{\"@id\":\"https:\\\/\\\/parablau.com\\\/galerie\\\/2017\\\/09\\\/01\\\/wooden-web\\\/\"},\"wordCount\":195,\"publisher\":{\"@id\":\"https:\\\/\\\/parablau.com\\\/galerie\\\/#organization\"},\"image\":{\"@id\":\"https:\\\/\\\/parablau.com\\\/galerie\\\/2017\\\/09\\\/01\\\/wooden-web\\\/#primaryimage\"},\"thumbnailUrl\":\"https:\\\/\\\/parablau.com\\\/galerie\\\/wp-content\\\/uploads\\\/2024\\\/04\\\/woodenweb.jpg\",\"articleSection\":[\"2017\"],\"inLanguage\":\"de\"},{\"@type\":\"WebPage\",\"@id\":\"https:\\\/\\\/parablau.com\\\/galerie\\\/2017\\\/09\\\/01\\\/wooden-web\\\/\",\"url\":\"https:\\\/\\\/parablau.com\\\/galerie\\\/2017\\\/09\\\/01\\\/wooden-web\\\/\",\"name\":\"*wooden web* - parablau\",\"isPartOf\":{\"@id\":\"https:\\\/\\\/parablau.com\\\/galerie\\\/#website\"},\"primaryImageOfPage\":{\"@id\":\"https:\\\/\\\/parablau.com\\\/galerie\\\/2017\\\/09\\\/01\\\/wooden-web\\\/#primaryimage\"},\"image\":{\"@id\":\"https:\\\/\\\/parablau.com\\\/galerie\\\/2017\\\/09\\\/01\\\/wooden-web\\\/#primaryimage\"},\"thumbnailUrl\":\"https:\\\/\\\/parablau.com\\\/galerie\\\/wp-content\\\/uploads\\\/2024\\\/04\\\/woodenweb.jpg\",\"datePublished\":\"2017-09-01T10:47:50+00:00\",\"dateModified\":\"2024-04-20T10:51:54+00:00\",\"breadcrumb\":{\"@id\":\"https:\\\/\\\/parablau.com\\\/galerie\\\/2017\\\/09\\\/01\\\/wooden-web\\\/#breadcrumb\"},\"inLanguage\":\"de\",\"potentialAction\":[{\"@type\":\"ReadAction\",\"target\":[\"https:\\\/\\\/parablau.com\\\/galerie\\\/2017\\\/09\\\/01\\\/wooden-web\\\/\"]}]},{\"@type\":\"ImageObject\",\"inLanguage\":\"de\",\"@id\":\"https:\\\/\\\/parablau.com\\\/galerie\\\/2017\\\/09\\\/01\\\/wooden-web\\\/#primaryimage\",\"url\":\"https:\\\/\\\/parablau.com\\\/galerie\\\/wp-content\\\/uploads\\\/2024\\\/04\\\/woodenweb.jpg\",\"contentUrl\":\"https:\\\/\\\/parablau.com\\\/galerie\\\/wp-content\\\/uploads\\\/2024\\\/04\\\/woodenweb.jpg\",\"width\":960,\"height\":543},{\"@type\":\"BreadcrumbList\",\"@id\":\"https:\\\/\\\/parablau.com\\\/galerie\\\/2017\\\/09\\\/01\\\/wooden-web\\\/#breadcrumb\",\"itemListElement\":[{\"@type\":\"ListItem\",\"position\":1,\"name\":\"Startseite\",\"item\":\"https:\\\/\\\/parablau.com\\\/galerie\\\/\"},{\"@type\":\"ListItem\",\"position\":2,\"name\":\"*wooden web*\"}]},{\"@type\":\"WebSite\",\"@id\":\"https:\\\/\\\/parablau.com\\\/galerie\\\/#website\",\"url\":\"https:\\\/\\\/parablau.com\\\/galerie\\\/\",\"name\":\"parablau\",\"description\":\"Galerie und Kunstprojekte in der Blauen Fabrik Dresden\",\"publisher\":{\"@id\":\"https:\\\/\\\/parablau.com\\\/galerie\\\/#organization\"},\"potentialAction\":[{\"@type\":\"SearchAction\",\"target\":{\"@type\":\"EntryPoint\",\"urlTemplate\":\"https:\\\/\\\/parablau.com\\\/galerie\\\/?s={search_term_string}\"},\"query-input\":{\"@type\":\"PropertyValueSpecification\",\"valueRequired\":true,\"valueName\":\"search_term_string\"}}],\"inLanguage\":\"de\"},{\"@type\":\"Organization\",\"@id\":\"https:\\\/\\\/parablau.com\\\/galerie\\\/#organization\",\"name\":\"parablau\",\"url\":\"https:\\\/\\\/parablau.com\\\/galerie\\\/\",\"logo\":{\"@type\":\"ImageObject\",\"inLanguage\":\"de\",\"@id\":\"https:\\\/\\\/parablau.com\\\/galerie\\\/#\\\/schema\\\/logo\\\/image\\\/\",\"url\":\"https:\\\/\\\/parablau.com\\\/galerie\\\/wp-content\\\/uploads\\\/2023\\\/11\\\/cropped-parablau-logo-kiwi-picasso-2-2a5f6e-1.png\",\"contentUrl\":\"https:\\\/\\\/parablau.com\\\/galerie\\\/wp-content\\\/uploads\\\/2023\\\/11\\\/cropped-parablau-logo-kiwi-picasso-2-2a5f6e-1.png\",\"width\":3467,\"height\":4275,\"caption\":\"parablau\"},\"image\":{\"@id\":\"https:\\\/\\\/parablau.com\\\/galerie\\\/#\\\/schema\\\/logo\\\/image\\\/\"}},{\"@type\":\"Person\",\"@id\":\"https:\\\/\\\/parablau.com\\\/galerie\\\/#\\\/schema\\\/person\\\/de57857d13ad8a61aa7ca445ea36e128\",\"name\":\"kuratorin\",\"image\":{\"@type\":\"ImageObject\",\"inLanguage\":\"de\",\"@id\":\"https:\\\/\\\/secure.gravatar.com\\\/avatar\\\/dfcf008e44889dadf03d6380428e38d3d334db117a42c4c6de7e248b56b97a6f?s=96&d=mm&r=g\",\"url\":\"https:\\\/\\\/secure.gravatar.com\\\/avatar\\\/dfcf008e44889dadf03d6380428e38d3d334db117a42c4c6de7e248b56b97a6f?s=96&d=mm&r=g\",\"contentUrl\":\"https:\\\/\\\/secure.gravatar.com\\\/avatar\\\/dfcf008e44889dadf03d6380428e38d3d334db117a42c4c6de7e248b56b97a6f?s=96&d=mm&r=g\",\"caption\":\"kuratorin\"},\"sameAs\":[\"https:\\\/\\\/parablau.com\\\/galerie\"],\"url\":\"https:\\\/\\\/parablau.com\\\/galerie\\\/author\\\/kuratorin\\\/\"}]}<\/script>\n<!-- \/ Yoast SEO plugin. -->","yoast_head_json":{"title":"*wooden web* - parablau","robots":{"index":"index","follow":"follow","max-snippet":"max-snippet:-1","max-image-preview":"max-image-preview:large","max-video-preview":"max-video-preview:-1"},"canonical":"https:\/\/parablau.com\/galerie\/2017\/09\/01\/wooden-web\/","og_locale":"de_DE","og_type":"article","og_title":"*wooden web* - parablau","og_description":"*wooden web*","og_url":"https:\/\/parablau.com\/galerie\/2017\/09\/01\/wooden-web\/","og_site_name":"parablau","article_published_time":"2017-09-01T10:47:50+00:00","article_modified_time":"2024-04-20T10:51:54+00:00","og_image":[{"width":960,"height":543,"url":"https:\/\/parablau.com\/galerie\/wp-content\/uploads\/2024\/04\/woodenweb.jpg","type":"image\/jpeg"}],"author":"kuratorin","twitter_card":"summary_large_image","twitter_misc":{"Verfasst von":"kuratorin","Gesch\u00e4tzte Lesezeit":"1\u00a0Minute"},"schema":{"@context":"https:\/\/schema.org","@graph":[{"@type":"Article","@id":"https:\/\/parablau.com\/galerie\/2017\/09\/01\/wooden-web\/#article","isPartOf":{"@id":"https:\/\/parablau.com\/galerie\/2017\/09\/01\/wooden-web\/"},"author":{"name":"kuratorin","@id":"https:\/\/parablau.com\/galerie\/#\/schema\/person\/de57857d13ad8a61aa7ca445ea36e128"},"headline":"*wooden web*","datePublished":"2017-09-01T10:47:50+00:00","dateModified":"2024-04-20T10:51:54+00:00","mainEntityOfPage":{"@id":"https:\/\/parablau.com\/galerie\/2017\/09\/01\/wooden-web\/"},"wordCount":195,"publisher":{"@id":"https:\/\/parablau.com\/galerie\/#organization"},"image":{"@id":"https:\/\/parablau.com\/galerie\/2017\/09\/01\/wooden-web\/#primaryimage"},"thumbnailUrl":"https:\/\/parablau.com\/galerie\/wp-content\/uploads\/2024\/04\/woodenweb.jpg","articleSection":["2017"],"inLanguage":"de"},{"@type":"WebPage","@id":"https:\/\/parablau.com\/galerie\/2017\/09\/01\/wooden-web\/","url":"https:\/\/parablau.com\/galerie\/2017\/09\/01\/wooden-web\/","name":"*wooden web* - parablau","isPartOf":{"@id":"https:\/\/parablau.com\/galerie\/#website"},"primaryImageOfPage":{"@id":"https:\/\/parablau.com\/galerie\/2017\/09\/01\/wooden-web\/#primaryimage"},"image":{"@id":"https:\/\/parablau.com\/galerie\/2017\/09\/01\/wooden-web\/#primaryimage"},"thumbnailUrl":"https:\/\/parablau.com\/galerie\/wp-content\/uploads\/2024\/04\/woodenweb.jpg","datePublished":"2017-09-01T10:47:50+00:00","dateModified":"2024-04-20T10:51:54+00:00","breadcrumb":{"@id":"https:\/\/parablau.com\/galerie\/2017\/09\/01\/wooden-web\/#breadcrumb"},"inLanguage":"de","potentialAction":[{"@type":"ReadAction","target":["https:\/\/parablau.com\/galerie\/2017\/09\/01\/wooden-web\/"]}]},{"@type":"ImageObject","inLanguage":"de","@id":"https:\/\/parablau.com\/galerie\/2017\/09\/01\/wooden-web\/#primaryimage","url":"https:\/\/parablau.com\/galerie\/wp-content\/uploads\/2024\/04\/woodenweb.jpg","contentUrl":"https:\/\/parablau.com\/galerie\/wp-content\/uploads\/2024\/04\/woodenweb.jpg","width":960,"height":543},{"@type":"BreadcrumbList","@id":"https:\/\/parablau.com\/galerie\/2017\/09\/01\/wooden-web\/#breadcrumb","itemListElement":[{"@type":"ListItem","position":1,"name":"Startseite","item":"https:\/\/parablau.com\/galerie\/"},{"@type":"ListItem","position":2,"name":"*wooden web*"}]},{"@type":"WebSite","@id":"https:\/\/parablau.com\/galerie\/#website","url":"https:\/\/parablau.com\/galerie\/","name":"parablau","description":"Galerie und Kunstprojekte in der Blauen Fabrik Dresden","publisher":{"@id":"https:\/\/parablau.com\/galerie\/#organization"},"potentialAction":[{"@type":"SearchAction","target":{"@type":"EntryPoint","urlTemplate":"https:\/\/parablau.com\/galerie\/?s={search_term_string}"},"query-input":{"@type":"PropertyValueSpecification","valueRequired":true,"valueName":"search_term_string"}}],"inLanguage":"de"},{"@type":"Organization","@id":"https:\/\/parablau.com\/galerie\/#organization","name":"parablau","url":"https:\/\/parablau.com\/galerie\/","logo":{"@type":"ImageObject","inLanguage":"de","@id":"https:\/\/parablau.com\/galerie\/#\/schema\/logo\/image\/","url":"https:\/\/parablau.com\/galerie\/wp-content\/uploads\/2023\/11\/cropped-parablau-logo-kiwi-picasso-2-2a5f6e-1.png","contentUrl":"https:\/\/parablau.com\/galerie\/wp-content\/uploads\/2023\/11\/cropped-parablau-logo-kiwi-picasso-2-2a5f6e-1.png","width":3467,"height":4275,"caption":"parablau"},"image":{"@id":"https:\/\/parablau.com\/galerie\/#\/schema\/logo\/image\/"}},{"@type":"Person","@id":"https:\/\/parablau.com\/galerie\/#\/schema\/person\/de57857d13ad8a61aa7ca445ea36e128","name":"kuratorin","image":{"@type":"ImageObject","inLanguage":"de","@id":"https:\/\/secure.gravatar.com\/avatar\/dfcf008e44889dadf03d6380428e38d3d334db117a42c4c6de7e248b56b97a6f?s=96&d=mm&r=g","url":"https:\/\/secure.gravatar.com\/avatar\/dfcf008e44889dadf03d6380428e38d3d334db117a42c4c6de7e248b56b97a6f?s=96&d=mm&r=g","contentUrl":"https:\/\/secure.gravatar.com\/avatar\/dfcf008e44889dadf03d6380428e38d3d334db117a42c4c6de7e248b56b97a6f?s=96&d=mm&r=g","caption":"kuratorin"},"sameAs":["https:\/\/parablau.com\/galerie"],"url":"https:\/\/parablau.com\/galerie\/author\/kuratorin\/"}]}},"jetpack_featured_media_url":"https:\/\/parablau.com\/galerie\/wp-content\/uploads\/2024\/04\/woodenweb.jpg","jetpack_sharing_enabled":true,"_links":{"self":[{"href":"https:\/\/parablau.com\/galerie\/wp-json\/wp\/v2\/posts\/12021","targetHints":{"allow":["GET"]}}],"collection":[{"href":"https:\/\/parablau.com\/galerie\/wp-json\/wp\/v2\/posts"}],"about":[{"href":"https:\/\/parablau.com\/galerie\/wp-json\/wp\/v2\/types\/post"}],"author":[{"embeddable":true,"href":"https:\/\/parablau.com\/galerie\/wp-json\/wp\/v2\/users\/1"}],"replies":[{"embeddable":true,"href":"https:\/\/parablau.com\/galerie\/wp-json\/wp\/v2\/comments?post=12021"}],"version-history":[{"count":7,"href":"https:\/\/parablau.com\/galerie\/wp-json\/wp\/v2\/posts\/12021\/revisions"}],"predecessor-version":[{"id":12029,"href":"https:\/\/parablau.com\/galerie\/wp-json\/wp\/v2\/posts\/12021\/revisions\/12029"}],"wp:featuredmedia":[{"embeddable":true,"href":"https:\/\/parablau.com\/galerie\/wp-json\/wp\/v2\/media\/12026"}],"wp:attachment":[{"href":"https:\/\/parablau.com\/galerie\/wp-json\/wp\/v2\/media?parent=12021"}],"wp:term":[{"taxonomy":"category","embeddable":true,"href":"https:\/\/parablau.com\/galerie\/wp-json\/wp\/v2\/categories?post=12021"},{"taxonomy":"post_tag","embeddable":true,"href":"https:\/\/parablau.com\/galerie\/wp-json\/wp\/v2\/tags?post=12021"}],"curies":[{"name":"wp","href":"https:\/\/api.w.org\/{rel}","templated":true}]}}